{"id":1714,"date":"2023-12-19T16:53:01","date_gmt":"2023-12-19T15:53:01","guid":{"rendered":"https:\/\/votre-douche-senior.fr\/?p=1714"},"modified":"2023-12-19T17:04:26","modified_gmt":"2023-12-19T16:04:26","slug":"bien-vieillir-chez-soi-une-preoccupation-actuelle","status":"publish","type":"post","link":"https:\/\/votre-douche-senior.fr\/index.php\/2023\/12\/19\/bien-vieillir-chez-soi-une-preoccupation-actuelle\/","title":{"rendered":"Bien-Vieillir chez Soi : Une Pr\u00e9occupation Actuelle"},"content":{"rendered":"\t\t<div data-elementor-type=\"wp-post\" data-elementor-id=\"1714\" class=\"elementor elementor-1714\">\n\t\t\t\t\t\t<section class=\"elementor-section elementor-top-section elementor-element elementor-element-2a8884e elementor-section-boxed elementor-section-height-default elementor-section-height-default\" data-id=\"2a8884e\" data-element_type=\"section\" data-e-type=\"section\">\n\t\t\t\t\t\t<div class=\"elementor-container elementor-column-gap-default\">\n\t\t\t\t\t<div class=\"elementor-column elementor-col-100 elementor-top-column elementor-element elementor-element-c445144\" data-id=\"c445144\" data-element_type=\"column\" data-e-type=\"column\">\n\t\t\t<div class=\"elementor-widget-wrap elementor-element-populated\">\n\t\t\t\t\t\t<div class=\"elementor-element elementor-element-2af0f31 elementor-widget elementor-widget-spacer\" data-id=\"2af0f31\" data-element_type=\"widget\" data-e-type=\"widget\" data-widget_type=\"spacer.default\">\n\t\t\t\t<div class=\"elementor-widget-container\">\n\t\t\t\t\t\t\t<div class=\"elementor-spacer\">\n\t\t\t<div class=\"elementor-spacer-inner\"><\/div>\n\t\t<\/div>\n\t\t\t\t\t\t<\/div>\n\t\t\t\t<\/div>\n\t\t\t\t<div class=\"elementor-element elementor-element-ebf0768 elementor-widget elementor-widget-heading\" data-id=\"ebf0768\" data-element_type=\"widget\" data-e-type=\"widget\" data-widget_type=\"heading.default\">\n\t\t\t\t<div class=\"elementor-widget-container\">\n\t\t\t\t\t<h1 class=\"elementor-heading-title elementor-size-default\">Bien-Vieillir chez Soi : Une Pr\u00e9occupation Actuelle<\/h1>\t\t\t\t<\/div>\n\t\t\t\t<\/div>\n\t\t\t\t<div class=\"elementor-element elementor-element-2d52eeb elementor-widget__width-initial elementor-widget elementor-widget-text-editor\" data-id=\"2d52eeb\" data-element_type=\"widget\" data-e-type=\"widget\" data-widget_type=\"text-editor.default\">\n\t\t\t\t<div class=\"elementor-widget-container\">\n\t\t\t\t\t\t\t\t\t<p><a href=\"https:\/\/votre-douche-senior.fr\/\">Bien-vieillir chez soi <\/a>est une pr\u00e9occupation actuelle et la qualit\u00e9 de vie des a\u00een\u00e9s au c\u0153ur des pr\u00e9occupations. La question de la qualit\u00e9 de vie de nos a\u00een\u00e9s est plus que jamais d&rsquo;actualit\u00e9. Les personnes qui s&rsquo;occupent d&rsquo;eux dans les \u00e9tablissements de sant\u00e9 font un travail exceptionnel et cela ne devrait pas \u00eatre remis en question.<\/p>\t\t\t\t\t\t\t\t<\/div>\n\t\t\t\t<\/div>\n\t\t\t\t<div class=\"elementor-element elementor-element-490f321 elementor-widget elementor-widget-spacer\" data-id=\"490f321\" data-element_type=\"widget\" data-e-type=\"widget\" data-widget_type=\"spacer.default\">\n\t\t\t\t<div class=\"elementor-widget-container\">\n\t\t\t\t\t\t\t<div class=\"elementor-spacer\">\n\t\t\t<div class=\"elementor-spacer-inner\"><\/div>\n\t\t<\/div>\n\t\t\t\t\t\t<\/div>\n\t\t\t\t<\/div>\n\t\t\t\t<div class=\"elementor-element elementor-element-2e36cbb elementor-widget elementor-widget-heading\" data-id=\"2e36cbb\" data-element_type=\"widget\" data-e-type=\"widget\" data-widget_type=\"heading.default\">\n\t\t\t\t<div class=\"elementor-widget-container\">\n\t\t\t\t\t<h2 class=\"elementor-heading-title elementor-size-default\"><h2 data-elementor-setting-key=\"title\" data-pen-placeholder=\"\u00c9crivez ici...\" style=\"font-size: 40px;font-style: normal\">Vieillir \u00e0 Domicile : Une Tendance Confirm\u00e9e\n\n<\/h2>\t\t\t\t<\/div>\n\t\t\t\t<\/div>\n\t\t\t\t<div class=\"elementor-element elementor-element-9ad900a elementor-widget elementor-widget-text-editor\" data-id=\"9ad900a\" data-element_type=\"widget\" data-e-type=\"widget\" data-widget_type=\"text-editor.default\">\n\t\t\t\t<div class=\"elementor-widget-container\">\n\t\t\t\t\t\t\t\t\t<p>Selon une \u00e9tude de 2019, 85% des Fran\u00e7ais souhaitent vieillir chez eux. Avec le vieillissement croissant de la population, le gouvernement se pr\u00e9occupe de plus en plus de la mani\u00e8re dont nous prenons soin des personnes \u00e2g\u00e9es \u00e0 domicile. Mais qu&rsquo;en est-il dans la pratique ?<\/p>\t\t\t\t\t\t\t\t<\/div>\n\t\t\t\t<\/div>\n\t\t\t\t<div class=\"elementor-element elementor-element-2bccdd3 elementor-widget elementor-widget-spacer\" data-id=\"2bccdd3\" data-element_type=\"widget\" data-e-type=\"widget\" data-widget_type=\"spacer.default\">\n\t\t\t\t<div class=\"elementor-widget-container\">\n\t\t\t\t\t\t\t<div class=\"elementor-spacer\">\n\t\t\t<div class=\"elementor-spacer-inner\"><\/div>\n\t\t<\/div>\n\t\t\t\t\t\t<\/div>\n\t\t\t\t<\/div>\n\t\t\t\t<div class=\"elementor-element elementor-element-f62559a elementor-widget elementor-widget-image\" data-id=\"f62559a\" data-element_type=\"widget\" data-e-type=\"widget\" data-widget_type=\"image.default\">\n\t\t\t\t<div class=\"elementor-widget-container\">\n\t\t\t\t\t\t\t\t\t\t\t\t<figure class=\"wp-caption\">\n\t\t\t\t\t\t\t\t\t\t<img decoding=\"async\" src=\"https:\/\/votre-douche-senior.fr\/wp-content\/uploads\/elementor\/thumbs\/joshua-hoehne-rvCnQeldxys-unsplash-scaled-qh1qxsaqt92g406heolknj6dlofoybw6rdnsdgw0ce.jpg\" title=\"joshua-hoehne-rvCnQeldxys-unsplash\" alt=\"joshua-hoehne-rvCnQeldxys-unsplash\" loading=\"lazy\" \/>\t\t\t\t\t\t\t\t\t\t\t<figcaption class=\"widget-image-caption wp-caption-text\">Image de <a href=\"https:\/\/fr.freepik.com\/photos-gratuite\/gros-plan-couple-main-dans-main_14669303.htm#query=bracelet%20surveillance%20personne%20ag%C3%A9e&amp;position=0&amp;from_view=search&amp;track=ais\">Freepik<\/a><\/figcaption>\n\t\t\t\t\t\t\t\t\t\t<\/figure>\n\t\t\t\t\t\t\t\t\t<\/div>\n\t\t\t\t<\/div>\n\t\t\t\t<div class=\"elementor-element elementor-element-7105f7d elementor-widget elementor-widget-spacer\" data-id=\"7105f7d\" data-element_type=\"widget\" data-e-type=\"widget\" data-widget_type=\"spacer.default\">\n\t\t\t\t<div class=\"elementor-widget-container\">\n\t\t\t\t\t\t\t<div class=\"elementor-spacer\">\n\t\t\t<div class=\"elementor-spacer-inner\"><\/div>\n\t\t<\/div>\n\t\t\t\t\t\t<\/div>\n\t\t\t\t<\/div>\n\t\t\t\t<div class=\"elementor-element elementor-element-f34c9e2 elementor-widget elementor-widget-heading\" data-id=\"f34c9e2\" data-element_type=\"widget\" data-e-type=\"widget\" data-widget_type=\"heading.default\">\n\t\t\t\t<div class=\"elementor-widget-container\">\n\t\t\t\t\t<h2 class=\"elementor-heading-title elementor-size-default\"><h2 data-elementor-setting-key=\"title\" data-pen-placeholder=\"\u00c9crivez ici...\" style=\"font-size: 40px;font-style: normal\">Moderniser la Prise en Charge des Personnes \u00c2g\u00e9es<\/h2>\t\t\t\t<\/div>\n\t\t\t\t<\/div>\n\t\t\t\t<div class=\"elementor-element elementor-element-d6b4b5a elementor-widget elementor-widget-text-editor\" data-id=\"d6b4b5a\" data-element_type=\"widget\" data-e-type=\"widget\" data-widget_type=\"text-editor.default\">\n\t\t\t\t<div class=\"elementor-widget-container\">\n\t\t\t\t\t\t\t\t\t<p>Il est \u00e9vident que la qualit\u00e9 de vie de nos a\u00een\u00e9s est une pr\u00e9occupation majeure. Le d\u00e9vouement des soignants et des aidants dans les \u00e9tablissements de sant\u00e9 est total, comme nous l&rsquo;avons vu pendant la pand\u00e9mie. Cependant, il est clair qu&rsquo;il est n\u00e9cessaire de moderniser la prise en charge des personnes \u00e2g\u00e9es d\u00e9pendantes.<\/p>\t\t\t\t\t\t\t\t<\/div>\n\t\t\t\t<\/div>\n\t\t\t\t<div class=\"elementor-element elementor-element-a39d393 elementor-widget elementor-widget-spacer\" data-id=\"a39d393\" data-element_type=\"widget\" data-e-type=\"widget\" data-widget_type=\"spacer.default\">\n\t\t\t\t<div class=\"elementor-widget-container\">\n\t\t\t\t\t\t\t<div class=\"elementor-spacer\">\n\t\t\t<div class=\"elementor-spacer-inner\"><\/div>\n\t\t<\/div>\n\t\t\t\t\t\t<\/div>\n\t\t\t\t<\/div>\n\t\t\t\t<div class=\"elementor-element elementor-element-bb487fd elementor-widget elementor-widget-heading\" data-id=\"bb487fd\" data-element_type=\"widget\" data-e-type=\"widget\" data-widget_type=\"heading.default\">\n\t\t\t\t<div class=\"elementor-widget-container\">\n\t\t\t\t\t<h2 class=\"elementor-heading-title elementor-size-default\"><h2 data-elementor-setting-key=\"title\" data-pen-placeholder=\"\u00c9crivez ici...\" style=\"font-size: 40px;font-style: normal\">Investir dans le Bien-Vieillir : Une Urgence<\/h2>\t\t\t\t<\/div>\n\t\t\t\t<\/div>\n\t\t\t\t<div class=\"elementor-element elementor-element-e2810e4 elementor-widget elementor-widget-text-editor\" data-id=\"e2810e4\" data-element_type=\"widget\" data-e-type=\"widget\" data-widget_type=\"text-editor.default\">\n\t\t\t\t<div class=\"elementor-widget-container\">\n\t\t\t\t\t\t\t\t\t<p>Vieillir en bonne sant\u00e9 n&rsquo;est pas seulement une chance, c&rsquo;est une n\u00e9cessit\u00e9. Il est urgent d&rsquo;investir massivement dans la pr\u00e9vention, les soins et le soutien aux personnes vuln\u00e9rables et \u00e0 leurs aidants. Cela concerne l&rsquo;ensemble de la population.<\/p>\t\t\t\t\t\t\t\t<\/div>\n\t\t\t\t<\/div>\n\t\t\t\t<div class=\"elementor-element elementor-element-48caa51 elementor-widget elementor-widget-spacer\" data-id=\"48caa51\" data-element_type=\"widget\" data-e-type=\"widget\" data-widget_type=\"spacer.default\">\n\t\t\t\t<div class=\"elementor-widget-container\">\n\t\t\t\t\t\t\t<div class=\"elementor-spacer\">\n\t\t\t<div class=\"elementor-spacer-inner\"><\/div>\n\t\t<\/div>\n\t\t\t\t\t\t<\/div>\n\t\t\t\t<\/div>\n\t\t\t\t<div class=\"elementor-element elementor-element-9faf5f2 elementor-widget elementor-widget-heading\" data-id=\"9faf5f2\" data-element_type=\"widget\" data-e-type=\"widget\" data-widget_type=\"heading.default\">\n\t\t\t\t<div class=\"elementor-widget-container\">\n\t\t\t\t\t<h2 class=\"elementor-heading-title elementor-size-default\"><h2 data-elementor-setting-key=\"title\" data-pen-placeholder=\"\u00c9crivez ici...\" style=\"font-size: 40px;font-style: normal\">Solutions Intelligentes pour Soutenir les Soignants<\/h2>\t\t\t\t<\/div>\n\t\t\t\t<\/div>\n\t\t\t\t<div class=\"elementor-element elementor-element-f14667b elementor-widget elementor-widget-text-editor\" data-id=\"f14667b\" data-element_type=\"widget\" data-e-type=\"widget\" data-widget_type=\"text-editor.default\">\n\t\t\t\t<div class=\"elementor-widget-container\">\n\t\t\t\t\t\t\t\t\t<p>Il est crucial de d\u00e9velopper des solutions intelligentes pour soutenir les proches aidants et les soignants qui travaillent tout en s&rsquo;occupant des personnes \u00e2g\u00e9es. Il faut \u00e9galement d\u00e9velopper des structures de sant\u00e9 locales, promouvoir la pr\u00e9vention et travailler sur des innovations technologiques pour un suivi personnalis\u00e9.<\/p>\t\t\t\t\t\t\t\t<\/div>\n\t\t\t\t<\/div>\n\t\t\t\t<div class=\"elementor-element elementor-element-186dd7d elementor-align-center elementor-widget elementor-widget-button\" data-id=\"186dd7d\" data-element_type=\"widget\" data-e-type=\"widget\" data-widget_type=\"button.default\">\n\t\t\t\t<div class=\"elementor-widget-container\">\n\t\t\t\t\t\t\t\t\t<div class=\"elementor-button-wrapper\">\n\t\t\t\t\t<a class=\"elementor-button elementor-button-link elementor-size-sm\" href=\"\">\n\t\t\t\t\t\t<span class=\"elementor-button-content-wrapper\">\n\t\t\t\t\t\t\t\t\t<span class=\"elementor-button-text\">Obtenir un devis<\/span>\n\t\t\t\t\t<\/span>\n\t\t\t\t\t<\/a>\n\t\t\t\t<\/div>\n\t\t\t\t\t\t\t\t<\/div>\n\t\t\t\t<\/div>\n\t\t\t\t<div class=\"elementor-element elementor-element-5023795 elementor-widget elementor-widget-spacer\" data-id=\"5023795\" data-element_type=\"widget\" data-e-type=\"widget\" data-widget_type=\"spacer.default\">\n\t\t\t\t<div class=\"elementor-widget-container\">\n\t\t\t\t\t\t\t<div class=\"elementor-spacer\">\n\t\t\t<div class=\"elementor-spacer-inner\"><\/div>\n\t\t<\/div>\n\t\t\t\t\t\t<\/div>\n\t\t\t\t<\/div>\n\t\t\t\t<div class=\"elementor-element elementor-element-dc66319 elementor-widget elementor-widget-heading\" data-id=\"dc66319\" data-element_type=\"widget\" data-e-type=\"widget\" data-widget_type=\"heading.default\">\n\t\t\t\t<div class=\"elementor-widget-container\">\n\t\t\t\t\t<h2 class=\"elementor-heading-title elementor-size-default\"><h2 data-elementor-setting-key=\"title\" data-pen-placeholder=\"\u00c9crivez ici...\" style=\"font-size: 40px;font-style: normal\">La Technologie au Service du Bien-Vieillir \u00e0 Domicile<\/h2>\t\t\t\t<\/div>\n\t\t\t\t<\/div>\n\t\t\t\t<div class=\"elementor-element elementor-element-2f9ddd7 elementor-widget elementor-widget-text-editor\" data-id=\"2f9ddd7\" data-element_type=\"widget\" data-e-type=\"widget\" data-widget_type=\"text-editor.default\">\n\t\t\t\t<div class=\"elementor-widget-container\">\n\t\t\t\t\t\t\t\t\t<p>La technologie contribue \u00e9galement au bien-vieillir \u00e0 domicile. Il est crucial d&rsquo;investir dans l&rsquo;innovation pour la sant\u00e9 connect\u00e9e afin d&rsquo;am\u00e9liorer la qualit\u00e9 de vie des a\u00een\u00e9s et de soutenir les soignants dans leurs missions, tout en respectant le droit \u00e0 la dignit\u00e9 dans toutes les relations humaines. C&rsquo;est le moment d&rsquo;avoir de l&rsquo;ambition pour le bien-\u00eatre de nos a\u00een\u00e9s.<\/p>\t\t\t\t\t\t\t\t<\/div>\n\t\t\t\t<\/div>\n\t\t\t\t<div class=\"elementor-element elementor-element-428390f elementor-widget elementor-widget-text-editor\" data-id=\"428390f\" data-element_type=\"widget\" data-e-type=\"widget\" data-widget_type=\"text-editor.default\">\n\t\t\t\t<div class=\"elementor-widget-container\">\n\t\t\t\t\t\t\t\t\t<p><a href=\"https:\/\/votre-douche-senior.fr\/index.php\/contact\/\">Vieillir en bonne sant\u00e9<\/a> n&rsquo;est pas seulement une chance, c&rsquo;est une n\u00e9cessit\u00e9. Il est urgent d&rsquo;investir massivement dans la pr\u00e9vention, les soins et le soutien aux personnes vuln\u00e9rables et \u00e0 leurs aidants. Cela concerne l&rsquo;ensemble de la population.<\/p>\t\t\t\t\t\t\t\t<\/div>\n\t\t\t\t<\/div>\n\t\t\t\t\t<\/div>\n\t\t<\/div>\n\t\t\t\t\t<\/div>\n\t\t<\/section>\n\t\t\t\t<\/div>\n\t\t","protected":false},"excerpt":{"rendered":"<p>Bien-Vieillir chez Soi : Une Pr\u00e9occupation Actuelle Bien-vieillir chez soi est une pr\u00e9occupation actuelle et la qualit\u00e9 de vie des a\u00een\u00e9s au c\u0153ur des pr\u00e9occupations. La question de la qualit\u00e9 de vie de nos a\u00een\u00e9s est plus que jamais d&rsquo;actualit\u00e9. Les personnes qui s&rsquo;occupent d&rsquo;eux dans les \u00e9tablissements de sant\u00e9 font un travail exceptionnel et &hellip;<\/p>\n<p class=\"read-more\"> <a class=\"\" href=\"https:\/\/votre-douche-senior.fr\/index.php\/2023\/12\/19\/bien-vieillir-chez-soi-une-preoccupation-actuelle\/\"> <span class=\"screen-reader-text\">Bien-Vieillir chez Soi : Une Pr\u00e9occupation Actuelle<\/span> Lire la suite\u00a0\u00bb<\/a><\/p>\n","protected":false},"author":2,"featured_media":0,"comment_status":"closed","ping_status":"open","sticky":false,"template":"","format":"standard","meta":{"_eb_attr":"","site-sidebar-layout":"default","site-content-layout":"default","ast-global-header-display":"","ast-main-header-display":"","ast-hfb-above-header-display":"","ast-hfb-below-header-display":"","ast-hfb-mobile-header-display":"","site-post-title":"disabled","ast-breadcrumbs-content":"","ast-featured-img":"","footer-sml-layout":"","theme-transparent-header-meta":"","adv-header-id-meta":"","stick-header-meta":"","header-above-stick-meta":"","header-main-stick-meta":"","header-below-stick-meta":"","footnotes":""},"categories":[13],"tags":[],"class_list":["post-1714","post","type-post","status-publish","format-standard","hentry","category-douche-securisee"],"yoast_head":"<!-- This site is optimized with the Yoast SEO plugin v27.5 - https:\/\/yoast.com\/product\/yoast-seo-wordpress\/ -->\n<title>Bien-Vieillir chez Soi : Une Pr\u00e9occupation Actuelle<\/title>\n<meta name=\"description\" content=\"Bien-vieillir chez soi est une pr\u00e9occupation actuelle et la qualit\u00e9 de vie des a\u00een\u00e9s au c\u0153ur des pr\u00e9occupations\" \/>\n<meta name=\"robots\" content=\"index, follow, max-snippet:-1, max-image-preview:large, max-video-preview:-1\" \/>\n<link rel=\"canonical\" href=\"https:\/\/votre-douche-senior.fr\/index.php\/2023\/12\/19\/bien-vieillir-chez-soi-une-preoccupation-actuelle\/\" \/>\n<meta property=\"og:locale\" content=\"fr_FR\" \/>\n<meta property=\"og:type\" content=\"article\" \/>\n<meta property=\"og:title\" content=\"Bien-Vieillir chez Soi : Une Pr\u00e9occupation Actuelle\" \/>\n<meta property=\"og:description\" content=\"Bien-vieillir chez soi est une pr\u00e9occupation actuelle et la qualit\u00e9 de vie des a\u00een\u00e9s au c\u0153ur des pr\u00e9occupations\" \/>\n<meta property=\"og:url\" content=\"https:\/\/votre-douche-senior.fr\/index.php\/2023\/12\/19\/bien-vieillir-chez-soi-une-preoccupation-actuelle\/\" \/>\n<meta property=\"og:site_name\" content=\"Votre douche s\u00e9nior\" \/>\n<meta property=\"article:published_time\" content=\"2023-12-19T15:53:01+00:00\" \/>\n<meta property=\"article:modified_time\" content=\"2023-12-19T16:04:26+00:00\" \/>\n<meta property=\"og:image\" content=\"http:\/\/votre-douche-senior.fr\/wp-content\/uploads\/elementor\/thumbs\/joshua-hoehne-rvCnQeldxys-unsplash-scaled-qh1qxsaqt92g406heolknj6dlofoybw6rdnsdgw0ce.jpg\" \/>\n<meta name=\"author\" content=\"Lucas Barr\u00e9\" \/>\n<meta name=\"twitter:card\" content=\"summary_large_image\" \/>\n<meta name=\"twitter:label1\" content=\"\u00c9crit par\" \/>\n\t<meta name=\"twitter:data1\" content=\"Lucas Barr\u00e9\" \/>\n\t<meta name=\"twitter:label2\" content=\"Dur\u00e9e de lecture estim\u00e9e\" \/>\n\t<meta name=\"twitter:data2\" content=\"3 minutes\" \/>\n<script type=\"application\/ld+json\" class=\"yoast-schema-graph\">{\"@context\":\"https:\\\/\\\/schema.org\",\"@graph\":[{\"@type\":\"Article\",\"@id\":\"https:\\\/\\\/votre-douche-senior.fr\\\/index.php\\\/2023\\\/12\\\/19\\\/bien-vieillir-chez-soi-une-preoccupation-actuelle\\\/#article\",\"isPartOf\":{\"@id\":\"https:\\\/\\\/votre-douche-senior.fr\\\/index.php\\\/2023\\\/12\\\/19\\\/bien-vieillir-chez-soi-une-preoccupation-actuelle\\\/\"},\"author\":{\"name\":\"Lucas Barr\u00e9\",\"@id\":\"https:\\\/\\\/votre-douche-senior.fr\\\/#\\\/schema\\\/person\\\/4bfa1520735d41b033b7b76bb8a057e1\"},\"headline\":\"Bien-Vieillir chez Soi : Une Pr\u00e9occupation Actuelle\",\"datePublished\":\"2023-12-19T15:53:01+00:00\",\"dateModified\":\"2023-12-19T16:04:26+00:00\",\"mainEntityOfPage\":{\"@id\":\"https:\\\/\\\/votre-douche-senior.fr\\\/index.php\\\/2023\\\/12\\\/19\\\/bien-vieillir-chez-soi-une-preoccupation-actuelle\\\/\"},\"wordCount\":418,\"publisher\":{\"@id\":\"https:\\\/\\\/votre-douche-senior.fr\\\/#organization\"},\"image\":{\"@id\":\"https:\\\/\\\/votre-douche-senior.fr\\\/index.php\\\/2023\\\/12\\\/19\\\/bien-vieillir-chez-soi-une-preoccupation-actuelle\\\/#primaryimage\"},\"thumbnailUrl\":\"http:\\\/\\\/votre-douche-senior.fr\\\/wp-content\\\/uploads\\\/elementor\\\/thumbs\\\/joshua-hoehne-rvCnQeldxys-unsplash-scaled-qh1qxsaqt92g406heolknj6dlofoybw6rdnsdgw0ce.jpg\",\"articleSection\":[\"Douche s\u00e9curis\u00e9e\"],\"inLanguage\":\"fr-FR\"},{\"@type\":\"WebPage\",\"@id\":\"https:\\\/\\\/votre-douche-senior.fr\\\/index.php\\\/2023\\\/12\\\/19\\\/bien-vieillir-chez-soi-une-preoccupation-actuelle\\\/\",\"url\":\"https:\\\/\\\/votre-douche-senior.fr\\\/index.php\\\/2023\\\/12\\\/19\\\/bien-vieillir-chez-soi-une-preoccupation-actuelle\\\/\",\"name\":\"Bien-Vieillir chez Soi : Une Pr\u00e9occupation Actuelle\",\"isPartOf\":{\"@id\":\"https:\\\/\\\/votre-douche-senior.fr\\\/#website\"},\"primaryImageOfPage\":{\"@id\":\"https:\\\/\\\/votre-douche-senior.fr\\\/index.php\\\/2023\\\/12\\\/19\\\/bien-vieillir-chez-soi-une-preoccupation-actuelle\\\/#primaryimage\"},\"image\":{\"@id\":\"https:\\\/\\\/votre-douche-senior.fr\\\/index.php\\\/2023\\\/12\\\/19\\\/bien-vieillir-chez-soi-une-preoccupation-actuelle\\\/#primaryimage\"},\"thumbnailUrl\":\"http:\\\/\\\/votre-douche-senior.fr\\\/wp-content\\\/uploads\\\/elementor\\\/thumbs\\\/joshua-hoehne-rvCnQeldxys-unsplash-scaled-qh1qxsaqt92g406heolknj6dlofoybw6rdnsdgw0ce.jpg\",\"datePublished\":\"2023-12-19T15:53:01+00:00\",\"dateModified\":\"2023-12-19T16:04:26+00:00\",\"description\":\"Bien-vieillir chez soi est une pr\u00e9occupation actuelle et la qualit\u00e9 de vie des a\u00een\u00e9s au c\u0153ur des pr\u00e9occupations\",\"breadcrumb\":{\"@id\":\"https:\\\/\\\/votre-douche-senior.fr\\\/index.php\\\/2023\\\/12\\\/19\\\/bien-vieillir-chez-soi-une-preoccupation-actuelle\\\/#breadcrumb\"},\"inLanguage\":\"fr-FR\",\"potentialAction\":[{\"@type\":\"ReadAction\",\"target\":[\"https:\\\/\\\/votre-douche-senior.fr\\\/index.php\\\/2023\\\/12\\\/19\\\/bien-vieillir-chez-soi-une-preoccupation-actuelle\\\/\"]}]},{\"@type\":\"ImageObject\",\"inLanguage\":\"fr-FR\",\"@id\":\"https:\\\/\\\/votre-douche-senior.fr\\\/index.php\\\/2023\\\/12\\\/19\\\/bien-vieillir-chez-soi-une-preoccupation-actuelle\\\/#primaryimage\",\"url\":\"http:\\\/\\\/votre-douche-senior.fr\\\/wp-content\\\/uploads\\\/elementor\\\/thumbs\\\/joshua-hoehne-rvCnQeldxys-unsplash-scaled-qh1qxsaqt92g406heolknj6dlofoybw6rdnsdgw0ce.jpg\",\"contentUrl\":\"http:\\\/\\\/votre-douche-senior.fr\\\/wp-content\\\/uploads\\\/elementor\\\/thumbs\\\/joshua-hoehne-rvCnQeldxys-unsplash-scaled-qh1qxsaqt92g406heolknj6dlofoybw6rdnsdgw0ce.jpg\"},{\"@type\":\"BreadcrumbList\",\"@id\":\"https:\\\/\\\/votre-douche-senior.fr\\\/index.php\\\/2023\\\/12\\\/19\\\/bien-vieillir-chez-soi-une-preoccupation-actuelle\\\/#breadcrumb\",\"itemListElement\":[{\"@type\":\"ListItem\",\"position\":1,\"name\":\"Accueil\",\"item\":\"https:\\\/\\\/votre-douche-senior.fr\\\/\"},{\"@type\":\"ListItem\",\"position\":2,\"name\":\"Bien-Vieillir chez Soi : Une Pr\u00e9occupation Actuelle\"}]},{\"@type\":\"WebSite\",\"@id\":\"https:\\\/\\\/votre-douche-senior.fr\\\/#website\",\"url\":\"https:\\\/\\\/votre-douche-senior.fr\\\/\",\"name\":\"Votre douche s\u00e9nior\",\"description\":\"Le pro de la salle de bain\",\"publisher\":{\"@id\":\"https:\\\/\\\/votre-douche-senior.fr\\\/#organization\"},\"potentialAction\":[{\"@type\":\"SearchAction\",\"target\":{\"@type\":\"EntryPoint\",\"urlTemplate\":\"https:\\\/\\\/votre-douche-senior.fr\\\/?s={search_term_string}\"},\"query-input\":{\"@type\":\"PropertyValueSpecification\",\"valueRequired\":true,\"valueName\":\"search_term_string\"}}],\"inLanguage\":\"fr-FR\"},{\"@type\":\"Organization\",\"@id\":\"https:\\\/\\\/votre-douche-senior.fr\\\/#organization\",\"name\":\"Votre douche s\u00e9nior\",\"url\":\"https:\\\/\\\/votre-douche-senior.fr\\\/\",\"logo\":{\"@type\":\"ImageObject\",\"inLanguage\":\"fr-FR\",\"@id\":\"https:\\\/\\\/votre-douche-senior.fr\\\/#\\\/schema\\\/logo\\\/image\\\/\",\"url\":\"http:\\\/\\\/votre-douche-senior.fr\\\/wp-content\\\/uploads\\\/2023\\\/05\\\/Capture_d_ecran_2023-05-05_112034-removebg-preview-1.png\",\"contentUrl\":\"http:\\\/\\\/votre-douche-senior.fr\\\/wp-content\\\/uploads\\\/2023\\\/05\\\/Capture_d_ecran_2023-05-05_112034-removebg-preview-1.png\",\"width\":896,\"height\":278,\"caption\":\"Votre douche s\u00e9nior\"},\"image\":{\"@id\":\"https:\\\/\\\/votre-douche-senior.fr\\\/#\\\/schema\\\/logo\\\/image\\\/\"}},{\"@type\":\"Person\",\"@id\":\"https:\\\/\\\/votre-douche-senior.fr\\\/#\\\/schema\\\/person\\\/4bfa1520735d41b033b7b76bb8a057e1\",\"name\":\"Lucas Barr\u00e9\",\"image\":{\"@type\":\"ImageObject\",\"inLanguage\":\"fr-FR\",\"@id\":\"https:\\\/\\\/secure.gravatar.com\\\/avatar\\\/95e7ce79799bfd6af29764cd6a909e9ef48b69f38b6215daa557a3d873a2181c?s=96&d=mm&r=g\",\"url\":\"https:\\\/\\\/secure.gravatar.com\\\/avatar\\\/95e7ce79799bfd6af29764cd6a909e9ef48b69f38b6215daa557a3d873a2181c?s=96&d=mm&r=g\",\"contentUrl\":\"https:\\\/\\\/secure.gravatar.com\\\/avatar\\\/95e7ce79799bfd6af29764cd6a909e9ef48b69f38b6215daa557a3d873a2181c?s=96&d=mm&r=g\",\"caption\":\"Lucas Barr\u00e9\"},\"url\":\"https:\\\/\\\/votre-douche-senior.fr\\\/index.php\\\/author\\\/lucas_44\\\/\"}]}<\/script>\n<!-- \/ Yoast SEO plugin. -->","yoast_head_json":{"title":"Bien-Vieillir chez Soi : Une Pr\u00e9occupation Actuelle","description":"Bien-vieillir chez soi est une pr\u00e9occupation actuelle et la qualit\u00e9 de vie des a\u00een\u00e9s au c\u0153ur des pr\u00e9occupations","robots":{"index":"index","follow":"follow","max-snippet":"max-snippet:-1","max-image-preview":"max-image-preview:large","max-video-preview":"max-video-preview:-1"},"canonical":"https:\/\/votre-douche-senior.fr\/index.php\/2023\/12\/19\/bien-vieillir-chez-soi-une-preoccupation-actuelle\/","og_locale":"fr_FR","og_type":"article","og_title":"Bien-Vieillir chez Soi : Une Pr\u00e9occupation Actuelle","og_description":"Bien-vieillir chez soi est une pr\u00e9occupation actuelle et la qualit\u00e9 de vie des a\u00een\u00e9s au c\u0153ur des pr\u00e9occupations","og_url":"https:\/\/votre-douche-senior.fr\/index.php\/2023\/12\/19\/bien-vieillir-chez-soi-une-preoccupation-actuelle\/","og_site_name":"Votre douche s\u00e9nior","article_published_time":"2023-12-19T15:53:01+00:00","article_modified_time":"2023-12-19T16:04:26+00:00","og_image":[{"url":"http:\/\/votre-douche-senior.fr\/wp-content\/uploads\/elementor\/thumbs\/joshua-hoehne-rvCnQeldxys-unsplash-scaled-qh1qxsaqt92g406heolknj6dlofoybw6rdnsdgw0ce.jpg","type":"","width":"","height":""}],"author":"Lucas Barr\u00e9","twitter_card":"summary_large_image","twitter_misc":{"\u00c9crit par":"Lucas Barr\u00e9","Dur\u00e9e de lecture estim\u00e9e":"3 minutes"},"schema":{"@context":"https:\/\/schema.org","@graph":[{"@type":"Article","@id":"https:\/\/votre-douche-senior.fr\/index.php\/2023\/12\/19\/bien-vieillir-chez-soi-une-preoccupation-actuelle\/#article","isPartOf":{"@id":"https:\/\/votre-douche-senior.fr\/index.php\/2023\/12\/19\/bien-vieillir-chez-soi-une-preoccupation-actuelle\/"},"author":{"name":"Lucas Barr\u00e9","@id":"https:\/\/votre-douche-senior.fr\/#\/schema\/person\/4bfa1520735d41b033b7b76bb8a057e1"},"headline":"Bien-Vieillir chez Soi : Une Pr\u00e9occupation Actuelle","datePublished":"2023-12-19T15:53:01+00:00","dateModified":"2023-12-19T16:04:26+00:00","mainEntityOfPage":{"@id":"https:\/\/votre-douche-senior.fr\/index.php\/2023\/12\/19\/bien-vieillir-chez-soi-une-preoccupation-actuelle\/"},"wordCount":418,"publisher":{"@id":"https:\/\/votre-douche-senior.fr\/#organization"},"image":{"@id":"https:\/\/votre-douche-senior.fr\/index.php\/2023\/12\/19\/bien-vieillir-chez-soi-une-preoccupation-actuelle\/#primaryimage"},"thumbnailUrl":"http:\/\/votre-douche-senior.fr\/wp-content\/uploads\/elementor\/thumbs\/joshua-hoehne-rvCnQeldxys-unsplash-scaled-qh1qxsaqt92g406heolknj6dlofoybw6rdnsdgw0ce.jpg","articleSection":["Douche s\u00e9curis\u00e9e"],"inLanguage":"fr-FR"},{"@type":"WebPage","@id":"https:\/\/votre-douche-senior.fr\/index.php\/2023\/12\/19\/bien-vieillir-chez-soi-une-preoccupation-actuelle\/","url":"https:\/\/votre-douche-senior.fr\/index.php\/2023\/12\/19\/bien-vieillir-chez-soi-une-preoccupation-actuelle\/","name":"Bien-Vieillir chez Soi : Une Pr\u00e9occupation Actuelle","isPartOf":{"@id":"https:\/\/votre-douche-senior.fr\/#website"},"primaryImageOfPage":{"@id":"https:\/\/votre-douche-senior.fr\/index.php\/2023\/12\/19\/bien-vieillir-chez-soi-une-preoccupation-actuelle\/#primaryimage"},"image":{"@id":"https:\/\/votre-douche-senior.fr\/index.php\/2023\/12\/19\/bien-vieillir-chez-soi-une-preoccupation-actuelle\/#primaryimage"},"thumbnailUrl":"http:\/\/votre-douche-senior.fr\/wp-content\/uploads\/elementor\/thumbs\/joshua-hoehne-rvCnQeldxys-unsplash-scaled-qh1qxsaqt92g406heolknj6dlofoybw6rdnsdgw0ce.jpg","datePublished":"2023-12-19T15:53:01+00:00","dateModified":"2023-12-19T16:04:26+00:00","description":"Bien-vieillir chez soi est une pr\u00e9occupation actuelle et la qualit\u00e9 de vie des a\u00een\u00e9s au c\u0153ur des pr\u00e9occupations","breadcrumb":{"@id":"https:\/\/votre-douche-senior.fr\/index.php\/2023\/12\/19\/bien-vieillir-chez-soi-une-preoccupation-actuelle\/#breadcrumb"},"inLanguage":"fr-FR","potentialAction":[{"@type":"ReadAction","target":["https:\/\/votre-douche-senior.fr\/index.php\/2023\/12\/19\/bien-vieillir-chez-soi-une-preoccupation-actuelle\/"]}]},{"@type":"ImageObject","inLanguage":"fr-FR","@id":"https:\/\/votre-douche-senior.fr\/index.php\/2023\/12\/19\/bien-vieillir-chez-soi-une-preoccupation-actuelle\/#primaryimage","url":"http:\/\/votre-douche-senior.fr\/wp-content\/uploads\/elementor\/thumbs\/joshua-hoehne-rvCnQeldxys-unsplash-scaled-qh1qxsaqt92g406heolknj6dlofoybw6rdnsdgw0ce.jpg","contentUrl":"http:\/\/votre-douche-senior.fr\/wp-content\/uploads\/elementor\/thumbs\/joshua-hoehne-rvCnQeldxys-unsplash-scaled-qh1qxsaqt92g406heolknj6dlofoybw6rdnsdgw0ce.jpg"},{"@type":"BreadcrumbList","@id":"https:\/\/votre-douche-senior.fr\/index.php\/2023\/12\/19\/bien-vieillir-chez-soi-une-preoccupation-actuelle\/#breadcrumb","itemListElement":[{"@type":"ListItem","position":1,"name":"Accueil","item":"https:\/\/votre-douche-senior.fr\/"},{"@type":"ListItem","position":2,"name":"Bien-Vieillir chez Soi : Une Pr\u00e9occupation Actuelle"}]},{"@type":"WebSite","@id":"https:\/\/votre-douche-senior.fr\/#website","url":"https:\/\/votre-douche-senior.fr\/","name":"Votre douche s\u00e9nior","description":"Le pro de la salle de bain","publisher":{"@id":"https:\/\/votre-douche-senior.fr\/#organization"},"potentialAction":[{"@type":"SearchAction","target":{"@type":"EntryPoint","urlTemplate":"https:\/\/votre-douche-senior.fr\/?s={search_term_string}"},"query-input":{"@type":"PropertyValueSpecification","valueRequired":true,"valueName":"search_term_string"}}],"inLanguage":"fr-FR"},{"@type":"Organization","@id":"https:\/\/votre-douche-senior.fr\/#organization","name":"Votre douche s\u00e9nior","url":"https:\/\/votre-douche-senior.fr\/","logo":{"@type":"ImageObject","inLanguage":"fr-FR","@id":"https:\/\/votre-douche-senior.fr\/#\/schema\/logo\/image\/","url":"http:\/\/votre-douche-senior.fr\/wp-content\/uploads\/2023\/05\/Capture_d_ecran_2023-05-05_112034-removebg-preview-1.png","contentUrl":"http:\/\/votre-douche-senior.fr\/wp-content\/uploads\/2023\/05\/Capture_d_ecran_2023-05-05_112034-removebg-preview-1.png","width":896,"height":278,"caption":"Votre douche s\u00e9nior"},"image":{"@id":"https:\/\/votre-douche-senior.fr\/#\/schema\/logo\/image\/"}},{"@type":"Person","@id":"https:\/\/votre-douche-senior.fr\/#\/schema\/person\/4bfa1520735d41b033b7b76bb8a057e1","name":"Lucas Barr\u00e9","image":{"@type":"ImageObject","inLanguage":"fr-FR","@id":"https:\/\/secure.gravatar.com\/avatar\/95e7ce79799bfd6af29764cd6a909e9ef48b69f38b6215daa557a3d873a2181c?s=96&d=mm&r=g","url":"https:\/\/secure.gravatar.com\/avatar\/95e7ce79799bfd6af29764cd6a909e9ef48b69f38b6215daa557a3d873a2181c?s=96&d=mm&r=g","contentUrl":"https:\/\/secure.gravatar.com\/avatar\/95e7ce79799bfd6af29764cd6a909e9ef48b69f38b6215daa557a3d873a2181c?s=96&d=mm&r=g","caption":"Lucas Barr\u00e9"},"url":"https:\/\/votre-douche-senior.fr\/index.php\/author\/lucas_44\/"}]}},"_links":{"self":[{"href":"https:\/\/votre-douche-senior.fr\/index.php\/wp-json\/wp\/v2\/posts\/1714","targetHints":{"allow":["GET"]}}],"collection":[{"href":"https:\/\/votre-douche-senior.fr\/index.php\/wp-json\/wp\/v2\/posts"}],"about":[{"href":"https:\/\/votre-douche-senior.fr\/index.php\/wp-json\/wp\/v2\/types\/post"}],"author":[{"embeddable":true,"href":"https:\/\/votre-douche-senior.fr\/index.php\/wp-json\/wp\/v2\/users\/2"}],"replies":[{"embeddable":true,"href":"https:\/\/votre-douche-senior.fr\/index.php\/wp-json\/wp\/v2\/comments?post=1714"}],"version-history":[{"count":8,"href":"https:\/\/votre-douche-senior.fr\/index.php\/wp-json\/wp\/v2\/posts\/1714\/revisions"}],"predecessor-version":[{"id":1725,"href":"https:\/\/votre-douche-senior.fr\/index.php\/wp-json\/wp\/v2\/posts\/1714\/revisions\/1725"}],"wp:attachment":[{"href":"https:\/\/votre-douche-senior.fr\/index.php\/wp-json\/wp\/v2\/media?parent=1714"}],"wp:term":[{"taxonomy":"category","embeddable":true,"href":"https:\/\/votre-douche-senior.fr\/index.php\/wp-json\/wp\/v2\/categories?post=1714"},{"taxonomy":"post_tag","embeddable":true,"href":"https:\/\/votre-douche-senior.fr\/index.php\/wp-json\/wp\/v2\/tags?post=1714"}],"curies":[{"name":"wp","href":"https:\/\/api.w.org\/{rel}","templated":true}]}}