{"id":826,"date":"2023-06-01T15:06:45","date_gmt":"2023-06-01T13:06:45","guid":{"rendered":"http:\/\/votre-douche-senior.fr\/?p=826"},"modified":"2023-06-15T12:16:43","modified_gmt":"2023-06-15T10:16:43","slug":"article-de-blog-2","status":"publish","type":"post","link":"https:\/\/votre-douche-senior.fr\/index.php\/2023\/06\/01\/article-de-blog-2\/","title":{"rendered":"Article de blog 2"},"content":{"rendered":"\t\t<div data-elementor-type=\"wp-post\" data-elementor-id=\"826\" class=\"elementor elementor-826\">\n\t\t\t\t\t\t<section class=\"elementor-section elementor-top-section elementor-element elementor-element-2a8884e elementor-section-boxed elementor-section-height-default elementor-section-height-default\" data-id=\"2a8884e\" data-element_type=\"section\" data-e-type=\"section\">\n\t\t\t\t\t\t<div class=\"elementor-container elementor-column-gap-default\">\n\t\t\t\t\t<div class=\"elementor-column elementor-col-100 elementor-top-column elementor-element elementor-element-c445144\" data-id=\"c445144\" data-element_type=\"column\" data-e-type=\"column\">\n\t\t\t<div class=\"elementor-widget-wrap elementor-element-populated\">\n\t\t\t\t\t\t<div class=\"elementor-element elementor-element-2af0f31 elementor-widget elementor-widget-spacer\" data-id=\"2af0f31\" data-element_type=\"widget\" data-e-type=\"widget\" data-widget_type=\"spacer.default\">\n\t\t\t\t<div class=\"elementor-widget-container\">\n\t\t\t\t\t\t\t<div class=\"elementor-spacer\">\n\t\t\t<div class=\"elementor-spacer-inner\"><\/div>\n\t\t<\/div>\n\t\t\t\t\t\t<\/div>\n\t\t\t\t<\/div>\n\t\t\t\t<div class=\"elementor-element elementor-element-ebf0768 elementor-widget elementor-widget-heading\" data-id=\"ebf0768\" data-element_type=\"widget\" data-e-type=\"widget\" data-widget_type=\"heading.default\">\n\t\t\t\t<div class=\"elementor-widget-container\">\n\t\t\t\t\t<h1 class=\"elementor-heading-title elementor-size-default\"><h1 data-elementor-setting-key=\"title\" data-pen-placeholder=\"\u00c9crivez ici...\" style=\"font-size: 50px;font-style: normal;line-height: 60px;text-align: center\">L'avenir des logements pour personnes \u00e2g\u00e9es : examiner les options de logement novatrices <\/h1><\/h1>\t\t\t\t<\/div>\n\t\t\t\t<\/div>\n\t\t\t\t<div class=\"elementor-element elementor-element-2d52eeb elementor-widget__width-initial elementor-widget elementor-widget-text-editor\" data-id=\"2d52eeb\" data-element_type=\"widget\" data-e-type=\"widget\" data-widget_type=\"text-editor.default\">\n\t\t\t\t<div class=\"elementor-widget-container\">\n\t\t\t\t\t\t\t\t\t<p>\u00c0 mesure que la population vieillit, de plus en plus de proches recherchent des options de logement pour les personnes \u00e2g\u00e9es\u00a0qui r\u00e9pondent \u00e0 leurs besoins et d\u00e9sirs sp\u00e9cifiques. Alors que les options traditionnelles de vie pour personnes \u00e2g\u00e9es comme les maisons de retraite et les EPHAD existent depuis longtemps. De nouvelles options de logement innovantes \u00e9mergent qui offrent une approche unique et personnalis\u00e9e de la vie des personnes \u00e2g\u00e9es. Dans cet article, nous explorerons certaines de ces options de logement innovantes, y compris le co-logement, les communaut\u00e9s intentionnelles et les micro-maisons, et comment elles peuvent <a style=\"font-weight: 400;\" href=\"https:\/\/votre-douche-senior.fr\/\">fa\u00e7onner l&rsquo;avenir de la vie des personnes \u00e2g\u00e9es<\/a>.<\/p>\t\t\t\t\t\t\t\t<\/div>\n\t\t\t\t<\/div>\n\t\t\t\t<div class=\"elementor-element elementor-element-490f321 elementor-widget elementor-widget-spacer\" data-id=\"490f321\" data-element_type=\"widget\" data-e-type=\"widget\" data-widget_type=\"spacer.default\">\n\t\t\t\t<div class=\"elementor-widget-container\">\n\t\t\t\t\t\t\t<div class=\"elementor-spacer\">\n\t\t\t<div class=\"elementor-spacer-inner\"><\/div>\n\t\t<\/div>\n\t\t\t\t\t\t<\/div>\n\t\t\t\t<\/div>\n\t\t\t\t<div class=\"elementor-element elementor-element-2e36cbb elementor-widget elementor-widget-heading\" data-id=\"2e36cbb\" data-element_type=\"widget\" data-e-type=\"widget\" data-widget_type=\"heading.default\">\n\t\t\t\t<div class=\"elementor-widget-container\">\n\t\t\t\t\t<h2 class=\"elementor-heading-title elementor-size-default\"><h2 data-elementor-setting-key=\"title\" data-pen-placeholder=\"\u00c9crivez ici...\" style=\"font-size: 40px;font-style: normal\">Cohabitation pour personnes \u00e2g\u00e9es<\/h2><\/h2>\t\t\t\t<\/div>\n\t\t\t\t<\/div>\n\t\t\t\t<div class=\"elementor-element elementor-element-9ad900a elementor-widget elementor-widget-text-editor\" data-id=\"9ad900a\" data-element_type=\"widget\" data-e-type=\"widget\" data-widget_type=\"text-editor.default\">\n\t\t\t\t<div class=\"elementor-widget-container\">\n\t\t\t\t\t\t\t\t\t<p>La cohabitation est un concept qui existe depuis les ann\u00e9es 1960, mais qui a gagn\u00e9 en popularit\u00e9 ces derni\u00e8res ann\u00e9es comme moyen de lutter contre l&rsquo;isolement social et de cr\u00e9er un sentiment de communaut\u00e9. Les communaut\u00e9s de cohabitation sont g\u00e9n\u00e9ralement compos\u00e9es de maisons individuelles ou d&rsquo;appartements regroup\u00e9s autour d&rsquo;espaces communs partag\u00e9s tels que des jardins, des cuisines et des salles \u00e0 manger. Cela cr\u00e9e un sentiment de communaut\u00e9 et de responsabilit\u00e9 partag\u00e9e, tout en offrant aux personnes \u00e2g\u00e9es leur propre espace priv\u00e9.<\/p><p><a href=\"https:\/\/www.pour-les-personnes-agees.gouv.fr\/vivre-a-domicile\/partager-son-logement\/partager-son-logement-quelles-possibilites\">La cohabitation pour les personnes \u00e2g\u00e9es<\/a> est un concept relativement nouveau, mais elle gagne du terrain en tant que moyen de promouvoir l&rsquo;interaction sociale et de lutter contre la solitude chez les personnes \u00e2g\u00e9es. Selon un rapport de l&rsquo;AARP, les personnes \u00e2g\u00e9es qui vivent dans des communaut\u00e9s de cohabitation sont g\u00e9n\u00e9ralement plus heureuses et plus satisfaites de leur situation de vie que celles qui vivent seules ou dans des logements traditionnels pour personnes \u00e2g\u00e9es.<\/p><p>En plus des avantages sociaux, le co-logement pour seniors offre \u00e9galement une approche plus durable et abordable du logement. Les r\u00e9sidents peuvent partager des ressources comme des v\u00e9hicules et des outils, r\u00e9duisant leur empreinte carbone et \u00e9conomisant de l&rsquo;argent.<\/p>\t\t\t\t\t\t\t\t<\/div>\n\t\t\t\t<\/div>\n\t\t\t\t<div class=\"elementor-element elementor-element-2bccdd3 elementor-widget elementor-widget-spacer\" data-id=\"2bccdd3\" data-element_type=\"widget\" data-e-type=\"widget\" data-widget_type=\"spacer.default\">\n\t\t\t\t<div class=\"elementor-widget-container\">\n\t\t\t\t\t\t\t<div class=\"elementor-spacer\">\n\t\t\t<div class=\"elementor-spacer-inner\"><\/div>\n\t\t<\/div>\n\t\t\t\t\t\t<\/div>\n\t\t\t\t<\/div>\n\t\t\t\t<div class=\"elementor-element elementor-element-f62559a elementor-widget elementor-widget-image\" data-id=\"f62559a\" data-element_type=\"widget\" data-e-type=\"widget\" data-widget_type=\"image.default\">\n\t\t\t\t<div class=\"elementor-widget-container\">\n\t\t\t\t\t\t\t\t\t\t\t\t<figure class=\"wp-caption\">\n\t\t\t\t\t\t\t\t\t\t\t<a href=\"\">\n\t\t\t\t\t\t\t<img fetchpriority=\"high\" decoding=\"async\" width=\"768\" height=\"512\" src=\"https:\/\/votre-douche-senior.fr\/wp-content\/uploads\/2023\/05\/cdc-F98Mv9O6LfI-unsplash-768x512.jpg\" class=\"attachment-medium_large size-medium_large wp-image-744\" alt=\"\" srcset=\"https:\/\/votre-douche-senior.fr\/wp-content\/uploads\/2023\/05\/cdc-F98Mv9O6LfI-unsplash-768x512.jpg 768w, https:\/\/votre-douche-senior.fr\/wp-content\/uploads\/2023\/05\/cdc-F98Mv9O6LfI-unsplash-300x200.jpg 300w, https:\/\/votre-douche-senior.fr\/wp-content\/uploads\/2023\/05\/cdc-F98Mv9O6LfI-unsplash-1024x683.jpg 1024w, https:\/\/votre-douche-senior.fr\/wp-content\/uploads\/2023\/05\/cdc-F98Mv9O6LfI-unsplash-1536x1024.jpg 1536w, https:\/\/votre-douche-senior.fr\/wp-content\/uploads\/2023\/05\/cdc-F98Mv9O6LfI-unsplash-2048x1366.jpg 2048w\" sizes=\"(max-width: 768px) 100vw, 768px\" \/>\t\t\t\t\t\t\t\t<\/a>\n\t\t\t\t\t\t\t\t\t\t\t<figcaption class=\"widget-image-caption wp-caption-text\">Options de logement pour les personnes \u00e2g\u00e9es    <\/figcaption>\n\t\t\t\t\t\t\t\t\t\t<\/figure>\n\t\t\t\t\t\t\t\t\t<\/div>\n\t\t\t\t<\/div>\n\t\t\t\t<div class=\"elementor-element elementor-element-7105f7d elementor-widget elementor-widget-spacer\" data-id=\"7105f7d\" data-element_type=\"widget\" data-e-type=\"widget\" data-widget_type=\"spacer.default\">\n\t\t\t\t<div class=\"elementor-widget-container\">\n\t\t\t\t\t\t\t<div class=\"elementor-spacer\">\n\t\t\t<div class=\"elementor-spacer-inner\"><\/div>\n\t\t<\/div>\n\t\t\t\t\t\t<\/div>\n\t\t\t\t<\/div>\n\t\t\t\t<div class=\"elementor-element elementor-element-f34c9e2 elementor-widget elementor-widget-heading\" data-id=\"f34c9e2\" data-element_type=\"widget\" data-e-type=\"widget\" data-widget_type=\"heading.default\">\n\t\t\t\t<div class=\"elementor-widget-container\">\n\t\t\t\t\t<h2 class=\"elementor-heading-title elementor-size-default\"><h2 data-elementor-setting-key=\"title\" data-pen-placeholder=\"\u00c9crivez ici...\" style=\"font-size: 40px;font-style: normal\">Communaut\u00e9s intentionnelles<\/h2><\/h2>\t\t\t\t<\/div>\n\t\t\t\t<\/div>\n\t\t\t\t<div class=\"elementor-element elementor-element-d6b4b5a elementor-widget elementor-widget-text-editor\" data-id=\"d6b4b5a\" data-element_type=\"widget\" data-e-type=\"widget\" data-widget_type=\"text-editor.default\">\n\t\t\t\t<div class=\"elementor-widget-container\">\n\t\t\t\t\t\t\t\t\t<p><span style=\"font-weight: 400;\"><a href=\"https:\/\/www.santepubliquefrance.fr\/les-actualites\/2018\/promouvoir-la-participation-sociale-des-personnes-agees-le-dossier-de-la-revue-la-sante-en-action-n-443-mars-2018\">Les communaut\u00e9s intentionnelles<\/a> sont une autre option de logement innovante pour les personnes \u00e2g\u00e9es qui sont con\u00e7ues pour cr\u00e9er un fort sentiment de communaut\u00e9 et des valeurs partag\u00e9es. Ces communaut\u00e9s sont g\u00e9n\u00e9ralement form\u00e9es par des groupes de personnes qui partagent un int\u00e9r\u00eat ou une croyance commune et qui se r\u00e9unissent pour vivre dans un espace partag\u00e9.<\/span><\/p><p><span style=\"font-weight: 400;\">Pour les personnes \u00e2g\u00e9es, les communaut\u00e9s intentionnelles peuvent offrir un moyen de se connecter avec des personnes partageant les m\u00eames id\u00e9es et de maintenir un lien social. Les communaut\u00e9s peuvent \u00eatre organis\u00e9es autour d&rsquo;un int\u00e9r\u00eat particulier, comme le jardinage ou la vie durable, ou peuvent \u00eatre con\u00e7ues pour un groupe d\u00e9mographique sp\u00e9cifique.<\/span><\/p><p><span style=\"font-weight: 400;\">Les communaut\u00e9s intentionnelles peuvent prendre de nombreuses formes diff\u00e9rentes. Des communaut\u00e9s de cohabitation aux \u00e9co-villages, mais elles partagent toutes un objectif commun de promotion du lien social et du sentiment d&rsquo;appartenance. Cela peut \u00eatre particuli\u00e8rement important pour les personnes \u00e2g\u00e9es qui peuvent se sentir isol\u00e9es ou d\u00e9connect\u00e9es de leur communaut\u00e9.<\/span><\/p>\t\t\t\t\t\t\t\t<\/div>\n\t\t\t\t<\/div>\n\t\t\t\t<div class=\"elementor-element elementor-element-6016b5b elementor-align-center elementor-widget elementor-widget-button\" data-id=\"6016b5b\" data-element_type=\"widget\" data-e-type=\"widget\" data-widget_type=\"button.default\">\n\t\t\t\t<div class=\"elementor-widget-container\">\n\t\t\t\t\t\t\t\t\t<div class=\"elementor-button-wrapper\">\n\t\t\t\t\t<a class=\"elementor-button elementor-button-link elementor-size-sm\" href=\"\">\n\t\t\t\t\t\t<span class=\"elementor-button-content-wrapper\">\n\t\t\t\t\t\t\t\t\t<span class=\"elementor-button-text\">Obtenir un devis<\/span>\n\t\t\t\t\t<\/span>\n\t\t\t\t\t<\/a>\n\t\t\t\t<\/div>\n\t\t\t\t\t\t\t\t<\/div>\n\t\t\t\t<\/div>\n\t\t\t\t<div class=\"elementor-element elementor-element-08efd12 elementor-widget elementor-widget-spacer\" data-id=\"08efd12\" data-element_type=\"widget\" data-e-type=\"widget\" data-widget_type=\"spacer.default\">\n\t\t\t\t<div class=\"elementor-widget-container\">\n\t\t\t\t\t\t\t<div class=\"elementor-spacer\">\n\t\t\t<div class=\"elementor-spacer-inner\"><\/div>\n\t\t<\/div>\n\t\t\t\t\t\t<\/div>\n\t\t\t\t<\/div>\n\t\t\t\t<div class=\"elementor-element elementor-element-f309edd elementor-widget elementor-widget-heading\" data-id=\"f309edd\" data-element_type=\"widget\" data-e-type=\"widget\" data-widget_type=\"heading.default\">\n\t\t\t\t<div class=\"elementor-widget-container\">\n\t\t\t\t\t<h2 class=\"elementor-heading-title elementor-size-default\"><h2 data-elementor-setting-key=\"title\" data-pen-placeholder=\"\u00c9crivez ici...\" style=\"font-size: 40px;font-style: normal\">mini-maisons pour s\u00e9niors<\/h2><\/h2>\t\t\t\t<\/div>\n\t\t\t\t<\/div>\n\t\t\t\t<div class=\"elementor-element elementor-element-9024fde elementor-widget elementor-widget-text-editor\" data-id=\"9024fde\" data-element_type=\"widget\" data-e-type=\"widget\" data-widget_type=\"text-editor.default\">\n\t\t\t\t<div class=\"elementor-widget-container\">\n\t\t\t\t\t\t\t\t\t<p><span style=\"font-weight: 400;\"><a href=\"https:\/\/immobilier.lefigaro.fr\/article\/une-maison-de-jardin-pour-seniors-a-la-place-d-une-maison-de-retraite_5db78ccc-9b08-11ec-a30f-32abfdea6f3c\/\">Les mini-maisons<\/a> ont gagn\u00e9 en popularit\u00e9 ces derni\u00e8res ann\u00e9es en tant que moyen de vivre plus simplement et de mani\u00e8re plus durable. Elles deviennent \u00e9galement une option populaire pour les personnes \u00e2g\u00e9es. Les petites maisons sont g\u00e9n\u00e9ralement d\u00e9finies comme des maisons de moins de 400 pieds carr\u00e9s et offrent un espace de vie compact et efficace facile \u00e0 entretenir.<\/span><\/p><p><span style=\"font-weight: 400;\">Pour les personnes \u00e2g\u00e9es, les mini-maisons peuvent \u00eatre une option attrayante pour un certain nombre de raisons. Elles sont souvent plus abordables que les options de logement traditionnelles, et elles offrent un moyen de r\u00e9duire et de simplifier leur vie. Les mini-maisons peuvent \u00e9galement \u00eatre con\u00e7ues pour \u00eatre plus accessibles, avec des fonctionnalit\u00e9s telles que des rampes pour fauteuils roulants et des barres d&rsquo;appui. Ce qui en fait une bonne option pour les personnes \u00e2g\u00e9es \u00e0 mobilit\u00e9 r\u00e9duite.<\/span><\/p><p><span style=\"font-weight: 400;\">En plus des avantages pratiques, les mini-maisons peuvent \u00e9galement offrir aux seniors un moyen de vivre plus pr\u00e8s de la nature et de mani\u00e8re plus durable. De nombreuses petites maisons sont con\u00e7ues avec des caract\u00e9ristiques \u00e9cologiques telles que des panneaux solaires et des toilettes \u00e0 compost. Ils peuvent aider les personnes \u00e2g\u00e9es \u00e0 r\u00e9duire leur empreinte carbone et \u00e0 adopter un mode de vie plus durable.<\/span><\/p>\t\t\t\t\t\t\t\t<\/div>\n\t\t\t\t<\/div>\n\t\t\t\t<div class=\"elementor-element elementor-element-3f7c85f elementor-widget elementor-widget-spacer\" data-id=\"3f7c85f\" data-element_type=\"widget\" data-e-type=\"widget\" data-widget_type=\"spacer.default\">\n\t\t\t\t<div class=\"elementor-widget-container\">\n\t\t\t\t\t\t\t<div class=\"elementor-spacer\">\n\t\t\t<div class=\"elementor-spacer-inner\"><\/div>\n\t\t<\/div>\n\t\t\t\t\t\t<\/div>\n\t\t\t\t<\/div>\n\t\t\t\t<div class=\"elementor-element elementor-element-fc0acf5 elementor-widget elementor-widget-heading\" data-id=\"fc0acf5\" data-element_type=\"widget\" data-e-type=\"widget\" data-widget_type=\"heading.default\">\n\t\t\t\t<div class=\"elementor-widget-container\">\n\t\t\t\t\t<h2 class=\"elementor-heading-title elementor-size-default\"><h2 data-elementor-setting-key=\"title\" data-pen-placeholder=\"\u00c9crivez ici...\" style=\"font-size: 40px;font-style: normal\">conclusion<\/h2><\/h2>\t\t\t\t<\/div>\n\t\t\t\t<\/div>\n\t\t\t\t<div class=\"elementor-element elementor-element-38d35f2 elementor-widget elementor-widget-text-editor\" data-id=\"38d35f2\" data-element_type=\"widget\" data-e-type=\"widget\" data-widget_type=\"text-editor.default\">\n\t\t\t\t<div class=\"elementor-widget-container\">\n\t\t\t\t\t\t\t\t\t<p><span style=\"font-weight: 400;\">\u00c0 mesure que la population vieillit et que de plus en plus de personnes \u00e2g\u00e9es recherchent des <a href=\"https:\/\/www.pour-les-personnes-agees.gouv.fr\/changer-de-logement\/autres-solutions-de-logement\">options de logement qui r\u00e9pondent \u00e0 leurs besoins et d\u00e9sirs sp\u00e9cifiques.<\/a> Des options de logement innovantes \u00e9mergent et offrent une approche unique et personnalis\u00e9e de la vie des personnes \u00e2g\u00e9es. Le co-logement, les communaut\u00e9s intentionnelles et les mini-maisons ne sont que quelques exemples de ces nouvelles options de logement qui offrent un sentiment de communaut\u00e9, favorisent l&rsquo;interaction sociale. Elles offrent aux personnes \u00e2g\u00e9es des choix de logement plus durables et abordables.<\/span><\/p><p><span style=\"font-weight: 400;\">Bien qu&rsquo;il y ait certains d\u00e9fis et consid\u00e9rations \u00e0 garder \u00e0 l&rsquo;esprit, tels que le potentiel d&rsquo;isolement social et de solitude, les avantages de ces options de logement innovantes sont clairs. Elles offrent aux personnes \u00e2g\u00e9es un moyen de se connecter avec des personnes partageant les m\u00eames id\u00e9es, de conserver un lien social et de vivre de mani\u00e8re plus durable et abordable. Alors que nous continuons d&rsquo;explorer de nouvelles options de logement innovantes pour les personnes \u00e2g\u00e9es, il est important de garder ces avantages \u00e0 l&rsquo;esprit et de travailler \u00e0 cr\u00e9er des communaut\u00e9s qui r\u00e9pondent aux besoins et aux d\u00e9sirs uniques de notre population vieillissante.<\/span><\/p><p><span style=\"font-weight: 400;\">Pour les personnes \u00e2g\u00e9es, les mini-maisons peuvent \u00eatre une option attrayante pour un certain nombre de raisons. Elles sont souvent plus abordables que les options de logement traditionnelles, et elles offrent un moyen de r\u00e9duire et de simplifier leur vie. Les mini-maisons peuvent \u00e9galement \u00eatre con\u00e7ues pour \u00eatre plus accessibles, avec des fonctionnalit\u00e9s telles que des rampes pour fauteuils roulants et des barres d&rsquo;appui, ce qui en fait une bonne option pour les personnes \u00e2g\u00e9es \u00e0 mobilit\u00e9 r\u00e9duite.<\/span><\/p>\t\t\t\t\t\t\t\t<\/div>\n\t\t\t\t<\/div>\n\t\t\t\t\t<\/div>\n\t\t<\/div>\n\t\t\t\t\t<\/div>\n\t\t<\/section>\n\t\t\t\t<\/div>\n\t\t","protected":false},"excerpt":{"rendered":"<p>L&rsquo;avenir des logements pour personnes \u00e2g\u00e9es : examiner les options de logement novatrices \u00c0 mesure que la population vieillit, de plus en plus de proches recherchent des options de logement pour les personnes \u00e2g\u00e9es\u00a0qui r\u00e9pondent \u00e0 leurs besoins et d\u00e9sirs sp\u00e9cifiques. Alors que les options traditionnelles de vie pour personnes \u00e2g\u00e9es comme les maisons de &hellip;<\/p>\n<p class=\"read-more\"> <a class=\"\" href=\"https:\/\/votre-douche-senior.fr\/index.php\/2023\/06\/01\/article-de-blog-2\/\"> <span class=\"screen-reader-text\">Article de blog 2<\/span> Lire la suite\u00a0\u00bb<\/a><\/p>\n","protected":false},"author":2,"featured_media":0,"comment_status":"closed","ping_status":"open","sticky":false,"template":"","format":"standard","meta":{"_eb_attr":"","site-sidebar-layout":"default","site-content-layout":"default","ast-global-header-display":"","ast-main-header-display":"","ast-hfb-above-header-display":"","ast-hfb-below-header-display":"","ast-hfb-mobile-header-display":"","site-post-title":"disabled","ast-breadcrumbs-content":"","ast-featured-img":"","footer-sml-layout":"","theme-transparent-header-meta":"","adv-header-id-meta":"","stick-header-meta":"","header-above-stick-meta":"","header-main-stick-meta":"","header-below-stick-meta":"","footnotes":""},"categories":[13],"tags":[],"class_list":["post-826","post","type-post","status-publish","format-standard","hentry","category-douche-securisee"],"yoast_head":"<!-- This site is optimized with the Yoast SEO plugin v27.5 - https:\/\/yoast.com\/product\/yoast-seo-wordpress\/ -->\n<title>Options de logement pour les personnes \u00e2g\u00e9es<\/title>\n<meta name=\"description\" content=\"\u00c0 mesure que la population vieillit, de plus en plus de proches recherchent des options de logement pour les personnes \u00e2g\u00e9es.\" \/>\n<meta name=\"robots\" content=\"index, follow, max-snippet:-1, max-image-preview:large, max-video-preview:-1\" \/>\n<link rel=\"canonical\" href=\"https:\/\/votre-douche-senior.fr\/index.php\/2023\/06\/01\/article-de-blog-2\/\" \/>\n<meta property=\"og:locale\" content=\"fr_FR\" \/>\n<meta property=\"og:type\" content=\"article\" \/>\n<meta property=\"og:title\" content=\"Options de logement pour les personnes \u00e2g\u00e9es\" \/>\n<meta property=\"og:description\" content=\"\u00c0 mesure que la population vieillit, de plus en plus de proches recherchent des options de logement pour les personnes \u00e2g\u00e9es.\" \/>\n<meta property=\"og:url\" content=\"https:\/\/votre-douche-senior.fr\/index.php\/2023\/06\/01\/article-de-blog-2\/\" \/>\n<meta property=\"og:site_name\" content=\"Votre douche s\u00e9nior\" \/>\n<meta property=\"article:published_time\" content=\"2023-06-01T13:06:45+00:00\" \/>\n<meta property=\"article:modified_time\" content=\"2023-06-15T10:16:43+00:00\" \/>\n<meta property=\"og:image\" content=\"http:\/\/votre-douche-senior.fr\/wp-content\/uploads\/2023\/05\/cdc-F98Mv9O6LfI-unsplash-768x512.jpg\" \/>\n<meta name=\"author\" content=\"Lucas Barr\u00e9\" \/>\n<meta name=\"twitter:card\" content=\"summary_large_image\" \/>\n<meta name=\"twitter:label1\" content=\"\u00c9crit par\" \/>\n\t<meta name=\"twitter:data1\" content=\"Lucas Barr\u00e9\" \/>\n\t<meta name=\"twitter:label2\" content=\"Dur\u00e9e de lecture estim\u00e9e\" \/>\n\t<meta name=\"twitter:data2\" content=\"6 minutes\" \/>\n<script type=\"application\/ld+json\" class=\"yoast-schema-graph\">{\"@context\":\"https:\\\/\\\/schema.org\",\"@graph\":[{\"@type\":\"Article\",\"@id\":\"https:\\\/\\\/votre-douche-senior.fr\\\/index.php\\\/2023\\\/06\\\/01\\\/article-de-blog-2\\\/#article\",\"isPartOf\":{\"@id\":\"https:\\\/\\\/votre-douche-senior.fr\\\/index.php\\\/2023\\\/06\\\/01\\\/article-de-blog-2\\\/\"},\"author\":{\"name\":\"Lucas Barr\u00e9\",\"@id\":\"https:\\\/\\\/votre-douche-senior.fr\\\/#\\\/schema\\\/person\\\/4bfa1520735d41b033b7b76bb8a057e1\"},\"headline\":\"Article de blog 2\",\"datePublished\":\"2023-06-01T13:06:45+00:00\",\"dateModified\":\"2023-06-15T10:16:43+00:00\",\"mainEntityOfPage\":{\"@id\":\"https:\\\/\\\/votre-douche-senior.fr\\\/index.php\\\/2023\\\/06\\\/01\\\/article-de-blog-2\\\/\"},\"wordCount\":1063,\"publisher\":{\"@id\":\"https:\\\/\\\/votre-douche-senior.fr\\\/#organization\"},\"image\":{\"@id\":\"https:\\\/\\\/votre-douche-senior.fr\\\/index.php\\\/2023\\\/06\\\/01\\\/article-de-blog-2\\\/#primaryimage\"},\"thumbnailUrl\":\"http:\\\/\\\/votre-douche-senior.fr\\\/wp-content\\\/uploads\\\/2023\\\/05\\\/cdc-F98Mv9O6LfI-unsplash-768x512.jpg\",\"articleSection\":[\"Douche s\u00e9curis\u00e9e\"],\"inLanguage\":\"fr-FR\"},{\"@type\":\"WebPage\",\"@id\":\"https:\\\/\\\/votre-douche-senior.fr\\\/index.php\\\/2023\\\/06\\\/01\\\/article-de-blog-2\\\/\",\"url\":\"https:\\\/\\\/votre-douche-senior.fr\\\/index.php\\\/2023\\\/06\\\/01\\\/article-de-blog-2\\\/\",\"name\":\"Options de logement pour les personnes \u00e2g\u00e9es\",\"isPartOf\":{\"@id\":\"https:\\\/\\\/votre-douche-senior.fr\\\/#website\"},\"primaryImageOfPage\":{\"@id\":\"https:\\\/\\\/votre-douche-senior.fr\\\/index.php\\\/2023\\\/06\\\/01\\\/article-de-blog-2\\\/#primaryimage\"},\"image\":{\"@id\":\"https:\\\/\\\/votre-douche-senior.fr\\\/index.php\\\/2023\\\/06\\\/01\\\/article-de-blog-2\\\/#primaryimage\"},\"thumbnailUrl\":\"http:\\\/\\\/votre-douche-senior.fr\\\/wp-content\\\/uploads\\\/2023\\\/05\\\/cdc-F98Mv9O6LfI-unsplash-768x512.jpg\",\"datePublished\":\"2023-06-01T13:06:45+00:00\",\"dateModified\":\"2023-06-15T10:16:43+00:00\",\"description\":\"\u00c0 mesure que la population vieillit, de plus en plus de proches recherchent des options de logement pour les personnes \u00e2g\u00e9es.\",\"breadcrumb\":{\"@id\":\"https:\\\/\\\/votre-douche-senior.fr\\\/index.php\\\/2023\\\/06\\\/01\\\/article-de-blog-2\\\/#breadcrumb\"},\"inLanguage\":\"fr-FR\",\"potentialAction\":[{\"@type\":\"ReadAction\",\"target\":[\"https:\\\/\\\/votre-douche-senior.fr\\\/index.php\\\/2023\\\/06\\\/01\\\/article-de-blog-2\\\/\"]}]},{\"@type\":\"ImageObject\",\"inLanguage\":\"fr-FR\",\"@id\":\"https:\\\/\\\/votre-douche-senior.fr\\\/index.php\\\/2023\\\/06\\\/01\\\/article-de-blog-2\\\/#primaryimage\",\"url\":\"https:\\\/\\\/votre-douche-senior.fr\\\/wp-content\\\/uploads\\\/2023\\\/05\\\/cdc-F98Mv9O6LfI-unsplash-scaled.jpg\",\"contentUrl\":\"https:\\\/\\\/votre-douche-senior.fr\\\/wp-content\\\/uploads\\\/2023\\\/05\\\/cdc-F98Mv9O6LfI-unsplash-scaled.jpg\",\"width\":2560,\"height\":1707},{\"@type\":\"BreadcrumbList\",\"@id\":\"https:\\\/\\\/votre-douche-senior.fr\\\/index.php\\\/2023\\\/06\\\/01\\\/article-de-blog-2\\\/#breadcrumb\",\"itemListElement\":[{\"@type\":\"ListItem\",\"position\":1,\"name\":\"Accueil\",\"item\":\"https:\\\/\\\/votre-douche-senior.fr\\\/\"},{\"@type\":\"ListItem\",\"position\":2,\"name\":\"Article de blog 2\"}]},{\"@type\":\"WebSite\",\"@id\":\"https:\\\/\\\/votre-douche-senior.fr\\\/#website\",\"url\":\"https:\\\/\\\/votre-douche-senior.fr\\\/\",\"name\":\"Votre douche s\u00e9nior\",\"description\":\"Le pro de la salle de bain\",\"publisher\":{\"@id\":\"https:\\\/\\\/votre-douche-senior.fr\\\/#organization\"},\"potentialAction\":[{\"@type\":\"SearchAction\",\"target\":{\"@type\":\"EntryPoint\",\"urlTemplate\":\"https:\\\/\\\/votre-douche-senior.fr\\\/?s={search_term_string}\"},\"query-input\":{\"@type\":\"PropertyValueSpecification\",\"valueRequired\":true,\"valueName\":\"search_term_string\"}}],\"inLanguage\":\"fr-FR\"},{\"@type\":\"Organization\",\"@id\":\"https:\\\/\\\/votre-douche-senior.fr\\\/#organization\",\"name\":\"Votre douche s\u00e9nior\",\"url\":\"https:\\\/\\\/votre-douche-senior.fr\\\/\",\"logo\":{\"@type\":\"ImageObject\",\"inLanguage\":\"fr-FR\",\"@id\":\"https:\\\/\\\/votre-douche-senior.fr\\\/#\\\/schema\\\/logo\\\/image\\\/\",\"url\":\"http:\\\/\\\/votre-douche-senior.fr\\\/wp-content\\\/uploads\\\/2023\\\/05\\\/Capture_d_ecran_2023-05-05_112034-removebg-preview-1.png\",\"contentUrl\":\"http:\\\/\\\/votre-douche-senior.fr\\\/wp-content\\\/uploads\\\/2023\\\/05\\\/Capture_d_ecran_2023-05-05_112034-removebg-preview-1.png\",\"width\":896,\"height\":278,\"caption\":\"Votre douche s\u00e9nior\"},\"image\":{\"@id\":\"https:\\\/\\\/votre-douche-senior.fr\\\/#\\\/schema\\\/logo\\\/image\\\/\"}},{\"@type\":\"Person\",\"@id\":\"https:\\\/\\\/votre-douche-senior.fr\\\/#\\\/schema\\\/person\\\/4bfa1520735d41b033b7b76bb8a057e1\",\"name\":\"Lucas Barr\u00e9\",\"image\":{\"@type\":\"ImageObject\",\"inLanguage\":\"fr-FR\",\"@id\":\"https:\\\/\\\/secure.gravatar.com\\\/avatar\\\/95e7ce79799bfd6af29764cd6a909e9ef48b69f38b6215daa557a3d873a2181c?s=96&d=mm&r=g\",\"url\":\"https:\\\/\\\/secure.gravatar.com\\\/avatar\\\/95e7ce79799bfd6af29764cd6a909e9ef48b69f38b6215daa557a3d873a2181c?s=96&d=mm&r=g\",\"contentUrl\":\"https:\\\/\\\/secure.gravatar.com\\\/avatar\\\/95e7ce79799bfd6af29764cd6a909e9ef48b69f38b6215daa557a3d873a2181c?s=96&d=mm&r=g\",\"caption\":\"Lucas Barr\u00e9\"},\"url\":\"https:\\\/\\\/votre-douche-senior.fr\\\/index.php\\\/author\\\/lucas_44\\\/\"}]}<\/script>\n<!-- \/ Yoast SEO plugin. -->","yoast_head_json":{"title":"Options de logement pour les personnes \u00e2g\u00e9es","description":"\u00c0 mesure que la population vieillit, de plus en plus de proches recherchent des options de logement pour les personnes \u00e2g\u00e9es.","robots":{"index":"index","follow":"follow","max-snippet":"max-snippet:-1","max-image-preview":"max-image-preview:large","max-video-preview":"max-video-preview:-1"},"canonical":"https:\/\/votre-douche-senior.fr\/index.php\/2023\/06\/01\/article-de-blog-2\/","og_locale":"fr_FR","og_type":"article","og_title":"Options de logement pour les personnes \u00e2g\u00e9es","og_description":"\u00c0 mesure que la population vieillit, de plus en plus de proches recherchent des options de logement pour les personnes \u00e2g\u00e9es.","og_url":"https:\/\/votre-douche-senior.fr\/index.php\/2023\/06\/01\/article-de-blog-2\/","og_site_name":"Votre douche s\u00e9nior","article_published_time":"2023-06-01T13:06:45+00:00","article_modified_time":"2023-06-15T10:16:43+00:00","og_image":[{"url":"http:\/\/votre-douche-senior.fr\/wp-content\/uploads\/2023\/05\/cdc-F98Mv9O6LfI-unsplash-768x512.jpg","type":"","width":"","height":""}],"author":"Lucas Barr\u00e9","twitter_card":"summary_large_image","twitter_misc":{"\u00c9crit par":"Lucas Barr\u00e9","Dur\u00e9e de lecture estim\u00e9e":"6 minutes"},"schema":{"@context":"https:\/\/schema.org","@graph":[{"@type":"Article","@id":"https:\/\/votre-douche-senior.fr\/index.php\/2023\/06\/01\/article-de-blog-2\/#article","isPartOf":{"@id":"https:\/\/votre-douche-senior.fr\/index.php\/2023\/06\/01\/article-de-blog-2\/"},"author":{"name":"Lucas Barr\u00e9","@id":"https:\/\/votre-douche-senior.fr\/#\/schema\/person\/4bfa1520735d41b033b7b76bb8a057e1"},"headline":"Article de blog 2","datePublished":"2023-06-01T13:06:45+00:00","dateModified":"2023-06-15T10:16:43+00:00","mainEntityOfPage":{"@id":"https:\/\/votre-douche-senior.fr\/index.php\/2023\/06\/01\/article-de-blog-2\/"},"wordCount":1063,"publisher":{"@id":"https:\/\/votre-douche-senior.fr\/#organization"},"image":{"@id":"https:\/\/votre-douche-senior.fr\/index.php\/2023\/06\/01\/article-de-blog-2\/#primaryimage"},"thumbnailUrl":"http:\/\/votre-douche-senior.fr\/wp-content\/uploads\/2023\/05\/cdc-F98Mv9O6LfI-unsplash-768x512.jpg","articleSection":["Douche s\u00e9curis\u00e9e"],"inLanguage":"fr-FR"},{"@type":"WebPage","@id":"https:\/\/votre-douche-senior.fr\/index.php\/2023\/06\/01\/article-de-blog-2\/","url":"https:\/\/votre-douche-senior.fr\/index.php\/2023\/06\/01\/article-de-blog-2\/","name":"Options de logement pour les personnes \u00e2g\u00e9es","isPartOf":{"@id":"https:\/\/votre-douche-senior.fr\/#website"},"primaryImageOfPage":{"@id":"https:\/\/votre-douche-senior.fr\/index.php\/2023\/06\/01\/article-de-blog-2\/#primaryimage"},"image":{"@id":"https:\/\/votre-douche-senior.fr\/index.php\/2023\/06\/01\/article-de-blog-2\/#primaryimage"},"thumbnailUrl":"http:\/\/votre-douche-senior.fr\/wp-content\/uploads\/2023\/05\/cdc-F98Mv9O6LfI-unsplash-768x512.jpg","datePublished":"2023-06-01T13:06:45+00:00","dateModified":"2023-06-15T10:16:43+00:00","description":"\u00c0 mesure que la population vieillit, de plus en plus de proches recherchent des options de logement pour les personnes \u00e2g\u00e9es.","breadcrumb":{"@id":"https:\/\/votre-douche-senior.fr\/index.php\/2023\/06\/01\/article-de-blog-2\/#breadcrumb"},"inLanguage":"fr-FR","potentialAction":[{"@type":"ReadAction","target":["https:\/\/votre-douche-senior.fr\/index.php\/2023\/06\/01\/article-de-blog-2\/"]}]},{"@type":"ImageObject","inLanguage":"fr-FR","@id":"https:\/\/votre-douche-senior.fr\/index.php\/2023\/06\/01\/article-de-blog-2\/#primaryimage","url":"https:\/\/votre-douche-senior.fr\/wp-content\/uploads\/2023\/05\/cdc-F98Mv9O6LfI-unsplash-scaled.jpg","contentUrl":"https:\/\/votre-douche-senior.fr\/wp-content\/uploads\/2023\/05\/cdc-F98Mv9O6LfI-unsplash-scaled.jpg","width":2560,"height":1707},{"@type":"BreadcrumbList","@id":"https:\/\/votre-douche-senior.fr\/index.php\/2023\/06\/01\/article-de-blog-2\/#breadcrumb","itemListElement":[{"@type":"ListItem","position":1,"name":"Accueil","item":"https:\/\/votre-douche-senior.fr\/"},{"@type":"ListItem","position":2,"name":"Article de blog 2"}]},{"@type":"WebSite","@id":"https:\/\/votre-douche-senior.fr\/#website","url":"https:\/\/votre-douche-senior.fr\/","name":"Votre douche s\u00e9nior","description":"Le pro de la salle de bain","publisher":{"@id":"https:\/\/votre-douche-senior.fr\/#organization"},"potentialAction":[{"@type":"SearchAction","target":{"@type":"EntryPoint","urlTemplate":"https:\/\/votre-douche-senior.fr\/?s={search_term_string}"},"query-input":{"@type":"PropertyValueSpecification","valueRequired":true,"valueName":"search_term_string"}}],"inLanguage":"fr-FR"},{"@type":"Organization","@id":"https:\/\/votre-douche-senior.fr\/#organization","name":"Votre douche s\u00e9nior","url":"https:\/\/votre-douche-senior.fr\/","logo":{"@type":"ImageObject","inLanguage":"fr-FR","@id":"https:\/\/votre-douche-senior.fr\/#\/schema\/logo\/image\/","url":"http:\/\/votre-douche-senior.fr\/wp-content\/uploads\/2023\/05\/Capture_d_ecran_2023-05-05_112034-removebg-preview-1.png","contentUrl":"http:\/\/votre-douche-senior.fr\/wp-content\/uploads\/2023\/05\/Capture_d_ecran_2023-05-05_112034-removebg-preview-1.png","width":896,"height":278,"caption":"Votre douche s\u00e9nior"},"image":{"@id":"https:\/\/votre-douche-senior.fr\/#\/schema\/logo\/image\/"}},{"@type":"Person","@id":"https:\/\/votre-douche-senior.fr\/#\/schema\/person\/4bfa1520735d41b033b7b76bb8a057e1","name":"Lucas Barr\u00e9","image":{"@type":"ImageObject","inLanguage":"fr-FR","@id":"https:\/\/secure.gravatar.com\/avatar\/95e7ce79799bfd6af29764cd6a909e9ef48b69f38b6215daa557a3d873a2181c?s=96&d=mm&r=g","url":"https:\/\/secure.gravatar.com\/avatar\/95e7ce79799bfd6af29764cd6a909e9ef48b69f38b6215daa557a3d873a2181c?s=96&d=mm&r=g","contentUrl":"https:\/\/secure.gravatar.com\/avatar\/95e7ce79799bfd6af29764cd6a909e9ef48b69f38b6215daa557a3d873a2181c?s=96&d=mm&r=g","caption":"Lucas Barr\u00e9"},"url":"https:\/\/votre-douche-senior.fr\/index.php\/author\/lucas_44\/"}]}},"_links":{"self":[{"href":"https:\/\/votre-douche-senior.fr\/index.php\/wp-json\/wp\/v2\/posts\/826","targetHints":{"allow":["GET"]}}],"collection":[{"href":"https:\/\/votre-douche-senior.fr\/index.php\/wp-json\/wp\/v2\/posts"}],"about":[{"href":"https:\/\/votre-douche-senior.fr\/index.php\/wp-json\/wp\/v2\/types\/post"}],"author":[{"embeddable":true,"href":"https:\/\/votre-douche-senior.fr\/index.php\/wp-json\/wp\/v2\/users\/2"}],"replies":[{"embeddable":true,"href":"https:\/\/votre-douche-senior.fr\/index.php\/wp-json\/wp\/v2\/comments?post=826"}],"version-history":[{"count":29,"href":"https:\/\/votre-douche-senior.fr\/index.php\/wp-json\/wp\/v2\/posts\/826\/revisions"}],"predecessor-version":[{"id":1030,"href":"https:\/\/votre-douche-senior.fr\/index.php\/wp-json\/wp\/v2\/posts\/826\/revisions\/1030"}],"wp:attachment":[{"href":"https:\/\/votre-douche-senior.fr\/index.php\/wp-json\/wp\/v2\/media?parent=826"}],"wp:term":[{"taxonomy":"category","embeddable":true,"href":"https:\/\/votre-douche-senior.fr\/index.php\/wp-json\/wp\/v2\/categories?post=826"},{"taxonomy":"post_tag","embeddable":true,"href":"https:\/\/votre-douche-senior.fr\/index.php\/wp-json\/wp\/v2\/tags?post=826"}],"curies":[{"name":"wp","href":"https:\/\/api.w.org\/{rel}","templated":true}]}}