{"id":862,"date":"2023-06-01T15:45:28","date_gmt":"2023-06-01T13:45:28","guid":{"rendered":"http:\/\/votre-douche-senior.fr\/?p=862"},"modified":"2023-06-15T12:17:25","modified_gmt":"2023-06-15T10:17:25","slug":"article-de-blog-3","status":"publish","type":"post","link":"https:\/\/votre-douche-senior.fr\/index.php\/2023\/06\/01\/article-de-blog-3\/","title":{"rendered":"Article de blog 3"},"content":{"rendered":"\t\t<div data-elementor-type=\"wp-post\" data-elementor-id=\"862\" class=\"elementor elementor-862\">\n\t\t\t\t\t\t<section class=\"elementor-section elementor-top-section elementor-element elementor-element-2a8884e elementor-section-boxed elementor-section-height-default elementor-section-height-default\" data-id=\"2a8884e\" data-element_type=\"section\" data-e-type=\"section\">\n\t\t\t\t\t\t<div class=\"elementor-container elementor-column-gap-default\">\n\t\t\t\t\t<div class=\"elementor-column elementor-col-100 elementor-top-column elementor-element elementor-element-c445144\" data-id=\"c445144\" data-element_type=\"column\" data-e-type=\"column\">\n\t\t\t<div class=\"elementor-widget-wrap elementor-element-populated\">\n\t\t\t\t\t\t<div class=\"elementor-element elementor-element-2af0f31 elementor-widget elementor-widget-spacer\" data-id=\"2af0f31\" data-element_type=\"widget\" data-e-type=\"widget\" data-widget_type=\"spacer.default\">\n\t\t\t\t<div class=\"elementor-widget-container\">\n\t\t\t\t\t\t\t<div class=\"elementor-spacer\">\n\t\t\t<div class=\"elementor-spacer-inner\"><\/div>\n\t\t<\/div>\n\t\t\t\t\t\t<\/div>\n\t\t\t\t<\/div>\n\t\t\t\t<div class=\"elementor-element elementor-element-ebf0768 elementor-widget elementor-widget-heading\" data-id=\"ebf0768\" data-element_type=\"widget\" data-e-type=\"widget\" data-widget_type=\"heading.default\">\n\t\t\t\t<div class=\"elementor-widget-container\">\n\t\t\t\t\t<h1 class=\"elementor-heading-title elementor-size-default\"><h1 data-elementor-setting-key=\"title\" data-pen-placeholder=\"\u00c9crivez ici...\" style=\"font-size: 50px;font-style: normal;line-height: 60px;text-align: center\">L'impact de l'isolement sur les personnes \u00e2g\u00e9es<\/h1><\/h1>\t\t\t\t<\/div>\n\t\t\t\t<\/div>\n\t\t\t\t<div class=\"elementor-element elementor-element-2d52eeb elementor-widget__width-initial elementor-widget elementor-widget-text-editor\" data-id=\"2d52eeb\" data-element_type=\"widget\" data-e-type=\"widget\" data-widget_type=\"text-editor.default\">\n\t\t\t\t<div class=\"elementor-widget-container\">\n\t\t\t\t\t\t\t\t\t<p>\u00c0 mesure que les gens vieillissent, leurs cercles sociaux se r\u00e9tr\u00e9cissent souvent, les laissant vuln\u00e9rables \u00e0 la solitude et \u00e0 l&rsquo;isolement. <a href=\"https:\/\/www.pour-les-personnes-agees.gouv.fr\/preserver-son-autonomie-s-informer-et-anticiper\/preserver-son-autonomie-et-sa-sante\/agir-contre-lisolement-des-personnes-agees\">L&rsquo;isolement social<\/a> peut avoir un impact significatif sur la sant\u00e9 physique et mentale des personnes \u00e2g\u00e9es. Augmentant le risque de d\u00e9pression, de d\u00e9clin cognitif et d&rsquo;autres probl\u00e8mes de sant\u00e9. Dans cet article, nous discuterons des risques et des effets de l&rsquo;isolement social sur les a\u00een\u00e9s, et des strat\u00e9gies pour le combattre.<\/p>\t\t\t\t\t\t\t\t<\/div>\n\t\t\t\t<\/div>\n\t\t\t\t<div class=\"elementor-element elementor-element-490f321 elementor-widget elementor-widget-spacer\" data-id=\"490f321\" data-element_type=\"widget\" data-e-type=\"widget\" data-widget_type=\"spacer.default\">\n\t\t\t\t<div class=\"elementor-widget-container\">\n\t\t\t\t\t\t\t<div class=\"elementor-spacer\">\n\t\t\t<div class=\"elementor-spacer-inner\"><\/div>\n\t\t<\/div>\n\t\t\t\t\t\t<\/div>\n\t\t\t\t<\/div>\n\t\t\t\t<div class=\"elementor-element elementor-element-2e36cbb elementor-widget elementor-widget-heading\" data-id=\"2e36cbb\" data-element_type=\"widget\" data-e-type=\"widget\" data-widget_type=\"heading.default\">\n\t\t\t\t<div class=\"elementor-widget-container\">\n\t\t\t\t\t<h2 class=\"elementor-heading-title elementor-size-default\"><h2 data-elementor-setting-key=\"title\" data-pen-placeholder=\"\u00c9crivez ici...\" style=\"font-size: 40px;font-style: normal\">Les risques<\/h2><\/h2>\t\t\t\t<\/div>\n\t\t\t\t<\/div>\n\t\t\t\t<div class=\"elementor-element elementor-element-9ad900a elementor-widget elementor-widget-text-editor\" data-id=\"9ad900a\" data-element_type=\"widget\" data-e-type=\"widget\" data-widget_type=\"text-editor.default\">\n\t\t\t\t<div class=\"elementor-widget-container\">\n\t\t\t\t\t\t\t\t\t<p><span style=\"font-weight: 400;\">En tant qu&rsquo;\u00eatres humains, nous sommes des cr\u00e9atures sociales et nos liens avec les autres sont essentiels \u00e0 notre sant\u00e9 et \u00e0 notre bien-\u00eatre. Pour les personnes \u00e2g\u00e9es, l&rsquo;isolement social peut \u00eatre particuli\u00e8rement pr\u00e9judiciable, entra\u00eenant une gamme de r\u00e9sultats n\u00e9gatifs pour la sant\u00e9 physique et mentale. Certains des risques associ\u00e9s \u00e0 l&rsquo;isolement social chez les personnes \u00e2g\u00e9es comprennent :<\/span><\/p><ol><li style=\"font-weight: 400;\" aria-level=\"1\"><span style=\"font-weight: 400;\">D\u00e9pression et anxi\u00e9t\u00e9 &#8211; L&rsquo;isolement social peut entra\u00eener des sentiments de solitude et de d\u00e9pression, ce qui peut avoir un impact significatif sur la sant\u00e9 mentale.<\/span><\/li><li style=\"font-weight: 400;\" aria-level=\"1\"><span style=\"font-weight: 400;\">D\u00e9clin cognitif &#8211; Le manque d&rsquo;engagement social peut contribuer au d\u00e9clin cognitif et \u00e0 un risque accru de d\u00e9mence.<\/span><\/li><li style=\"font-weight: 400;\" aria-level=\"1\"><span style=\"font-weight: 400;\">Augmentation de la mortalit\u00e9 &#8211; Les personnes \u00e2g\u00e9es qui sont socialement isol\u00e9es courent un risque plus \u00e9lev\u00e9 de d\u00e9c\u00e8s pr\u00e9matur\u00e9.<\/span><\/li><li style=\"font-weight: 400;\" aria-level=\"1\"><span style=\"font-weight: 400;\">Probl\u00e8mes de sant\u00e9 physique &#8211; L&rsquo;isolement social a \u00e9t\u00e9 associ\u00e9 \u00e0 un risque accru de probl\u00e8mes de sant\u00e9 physique, tels que les maladies cardiaques, l&rsquo;ob\u00e9sit\u00e9 et l&rsquo;hypertension art\u00e9rielle.<\/span><\/li><li style=\"font-weight: 400;\" aria-level=\"1\"><span style=\"font-weight: 400;\">Toxicomanie &#8211; Les personnes \u00e2g\u00e9es qui sont isol\u00e9es socialement peuvent se tourner vers la drogue ou l&rsquo;alcool pour faire face \u00e0 leurs sentiments de solitude et de d\u00e9pression.<\/span><\/li><\/ol>\t\t\t\t\t\t\t\t<\/div>\n\t\t\t\t<\/div>\n\t\t\t\t<div class=\"elementor-element elementor-element-2bccdd3 elementor-widget elementor-widget-spacer\" data-id=\"2bccdd3\" data-element_type=\"widget\" data-e-type=\"widget\" data-widget_type=\"spacer.default\">\n\t\t\t\t<div class=\"elementor-widget-container\">\n\t\t\t\t\t\t\t<div class=\"elementor-spacer\">\n\t\t\t<div class=\"elementor-spacer-inner\"><\/div>\n\t\t<\/div>\n\t\t\t\t\t\t<\/div>\n\t\t\t\t<\/div>\n\t\t\t\t<div class=\"elementor-element elementor-element-f62559a elementor-widget elementor-widget-image\" data-id=\"f62559a\" data-element_type=\"widget\" data-e-type=\"widget\" data-widget_type=\"image.default\">\n\t\t\t\t<div class=\"elementor-widget-container\">\n\t\t\t\t\t\t\t\t\t\t\t\t<figure class=\"wp-caption\">\n\t\t\t\t\t\t\t\t\t\t\t<a href=\"\">\n\t\t\t\t\t\t\t<img fetchpriority=\"high\" decoding=\"async\" width=\"768\" height=\"512\" src=\"https:\/\/votre-douche-senior.fr\/wp-content\/uploads\/2023\/05\/alex-boyd-6-H23dfH7Qo-unsplash-768x512.jpg\" class=\"attachment-medium_large size-medium_large wp-image-768\" alt=\"\" srcset=\"https:\/\/votre-douche-senior.fr\/wp-content\/uploads\/2023\/05\/alex-boyd-6-H23dfH7Qo-unsplash-768x512.jpg 768w, https:\/\/votre-douche-senior.fr\/wp-content\/uploads\/2023\/05\/alex-boyd-6-H23dfH7Qo-unsplash-300x200.jpg 300w, https:\/\/votre-douche-senior.fr\/wp-content\/uploads\/2023\/05\/alex-boyd-6-H23dfH7Qo-unsplash-1024x683.jpg 1024w, https:\/\/votre-douche-senior.fr\/wp-content\/uploads\/2023\/05\/alex-boyd-6-H23dfH7Qo-unsplash-1536x1024.jpg 1536w, https:\/\/votre-douche-senior.fr\/wp-content\/uploads\/2023\/05\/alex-boyd-6-H23dfH7Qo-unsplash-2048x1365.jpg 2048w\" sizes=\"(max-width: 768px) 100vw, 768px\" \/>\t\t\t\t\t\t\t\t<\/a>\n\t\t\t\t\t\t\t\t\t\t\t<figcaption class=\"widget-image-caption wp-caption-text\">Isolement social des personnes \u00e2g\u00e9es<\/figcaption>\n\t\t\t\t\t\t\t\t\t\t<\/figure>\n\t\t\t\t\t\t\t\t\t<\/div>\n\t\t\t\t<\/div>\n\t\t\t\t<div class=\"elementor-element elementor-element-7105f7d elementor-widget elementor-widget-spacer\" data-id=\"7105f7d\" data-element_type=\"widget\" data-e-type=\"widget\" data-widget_type=\"spacer.default\">\n\t\t\t\t<div class=\"elementor-widget-container\">\n\t\t\t\t\t\t\t<div class=\"elementor-spacer\">\n\t\t\t<div class=\"elementor-spacer-inner\"><\/div>\n\t\t<\/div>\n\t\t\t\t\t\t<\/div>\n\t\t\t\t<\/div>\n\t\t\t\t<div class=\"elementor-element elementor-element-f34c9e2 elementor-widget elementor-widget-heading\" data-id=\"f34c9e2\" data-element_type=\"widget\" data-e-type=\"widget\" data-widget_type=\"heading.default\">\n\t\t\t\t<div class=\"elementor-widget-container\">\n\t\t\t\t\t<h2 class=\"elementor-heading-title elementor-size-default\"><h2 data-elementor-setting-key=\"title\" data-pen-placeholder=\"\u00c9crivez ici...\" style=\"font-size: 40px;font-style: normal\">Combattre l'isolement social<\/h2><\/h2>\t\t\t\t<\/div>\n\t\t\t\t<\/div>\n\t\t\t\t<div class=\"elementor-element elementor-element-d6b4b5a elementor-widget elementor-widget-text-editor\" data-id=\"d6b4b5a\" data-element_type=\"widget\" data-e-type=\"widget\" data-widget_type=\"text-editor.default\">\n\t\t\t\t<div class=\"elementor-widget-container\">\n\t\t\t\t\t\t\t\t\t<p><span style=\"font-weight: 400;\">Il existe un certain nombre de strat\u00e9gies qui peuvent \u00eatre utilis\u00e9es pour<a href=\"https:\/\/www.fondation-croix-rouge.fr\/bourses\/bourse-isolement-social-precarite-personnes-agees-2\/\"> lutter contre l&rsquo;isolement social chez les personnes \u00e2g\u00e9es<\/a>. Certains d&rsquo;entre eux incluent:<\/span><\/p><ol><li style=\"font-weight: 400;\" aria-level=\"1\"><span style=\"font-weight: 400;\">Engagement social &#8211; Encourager les personnes \u00e2g\u00e9es \u00e0 participer \u00e0 des activit\u00e9s sociales, telles que des \u00e9v\u00e9nements communautaires, des clubs et du b\u00e9n\u00e9volat, peut aider \u00e0 combattre la solitude et l&rsquo;isolement.<\/span><\/li><li style=\"font-weight: 400;\" aria-level=\"1\"><span style=\"font-weight: 400;\">Technologie &#8211; L&rsquo;utilisation de la technologie, comme les chats vid\u00e9o, les m\u00e9dias sociaux et le courrier \u00e9lectronique, peut aider les personnes \u00e2g\u00e9es \u00e0 rester en contact avec des amis et des membres de la famille qui vivent peut-\u00eatre loin.<\/span><\/li><li style=\"font-weight: 400;\" aria-level=\"1\"><span style=\"font-weight: 400;\">Transport &#8211; Pour les personnes \u00e2g\u00e9es qui peuvent avoir de la difficult\u00e9 \u00e0 se d\u00e9placer, fournir un transport aux \u00e9v\u00e9nements sociaux et aux activit\u00e9s peut aider \u00e0 combattre l&rsquo;isolement social.<\/span><\/li><li style=\"font-weight: 400;\" aria-level=\"1\"><span style=\"font-weight: 400;\">Soins \u00e0 domicile &#8211; L&#8217;embauche d&rsquo;un soignant ou d&rsquo;un aide-soignant \u00e0 domicile pour vous accompagner et vous aider dans les t\u00e2ches quotidiennes peut aider \u00e0 combattre la solitude et l&rsquo;isolement.<\/span><\/li><li style=\"font-weight: 400;\" aria-level=\"1\"><span style=\"font-weight: 400;\">Communaut\u00e9s de vie assist\u00e9e &#8211; Pour les s\u00e9niors qui peuvent avoir besoin de plus de soutien et de soins, les communaut\u00e9s de vie assist\u00e9e peuvent fournir un environnement s\u00fbr et social, avec acc\u00e8s \u00e0 des activit\u00e9s sociales et \u00e0 des services de soutien.<\/span><\/li><li style=\"font-weight: 400;\" aria-level=\"1\"><span style=\"font-weight: 400;\">Programmes interg\u00e9n\u00e9rationnels &#8211; Les programmes qui rassemblent les a\u00een\u00e9s avec les jeunes g\u00e9n\u00e9rations, comme le b\u00e9n\u00e9volat dans les \u00e9coles ou la participation \u00e0 des programmes de mentorat, peuvent aider \u00e0 combattre l&rsquo;isolement social et donner un sens et un lien.<\/span><\/li><\/ol><p><span style=\"font-weight: 400;\">Il est important de se rappeler que la lutte contre l&rsquo;isolement social chez les personnes \u00e2g\u00e9es n&rsquo;est pas seulement la responsabilit\u00e9 de l&rsquo;individu ou des membres de sa famille. Les communaut\u00e9s, les prestataires de soins de sant\u00e9 et les d\u00e9cideurs ont tous un r\u00f4le \u00e0 jouer dans la promotion des liens sociaux et du bien-\u00eatre des personnes \u00e2g\u00e9es.<\/span><\/p>\t\t\t\t\t\t\t\t<\/div>\n\t\t\t\t<\/div>\n\t\t\t\t<div class=\"elementor-element elementor-element-f724cde elementor-align-center elementor-widget elementor-widget-button\" data-id=\"f724cde\" data-element_type=\"widget\" data-e-type=\"widget\" data-widget_type=\"button.default\">\n\t\t\t\t<div class=\"elementor-widget-container\">\n\t\t\t\t\t\t\t\t\t<div class=\"elementor-button-wrapper\">\n\t\t\t\t\t<a class=\"elementor-button elementor-button-link elementor-size-sm\" href=\"\">\n\t\t\t\t\t\t<span class=\"elementor-button-content-wrapper\">\n\t\t\t\t\t\t\t\t\t<span class=\"elementor-button-text\">Obtenir un devis<\/span>\n\t\t\t\t\t<\/span>\n\t\t\t\t\t<\/a>\n\t\t\t\t<\/div>\n\t\t\t\t\t\t\t\t<\/div>\n\t\t\t\t<\/div>\n\t\t\t\t<div class=\"elementor-element elementor-element-b3cbd46 elementor-widget elementor-widget-spacer\" data-id=\"b3cbd46\" data-element_type=\"widget\" data-e-type=\"widget\" data-widget_type=\"spacer.default\">\n\t\t\t\t<div class=\"elementor-widget-container\">\n\t\t\t\t\t\t\t<div class=\"elementor-spacer\">\n\t\t\t<div class=\"elementor-spacer-inner\"><\/div>\n\t\t<\/div>\n\t\t\t\t\t\t<\/div>\n\t\t\t\t<\/div>\n\t\t\t\t<div class=\"elementor-element elementor-element-2b9111a elementor-widget elementor-widget-heading\" data-id=\"2b9111a\" data-element_type=\"widget\" data-e-type=\"widget\" data-widget_type=\"heading.default\">\n\t\t\t\t<div class=\"elementor-widget-container\">\n\t\t\t\t\t<h3 class=\"elementor-heading-title elementor-size-default\"><h3 data-elementor-setting-key=\"title\" data-pen-placeholder=\"\u00c9crivez ici...\" style=\"font-size: 40px;font-style: normal\">Les communaut\u00e9s contre l'isolement social<\/h3><\/h3>\t\t\t\t<\/div>\n\t\t\t\t<\/div>\n\t\t\t\t<div class=\"elementor-element elementor-element-9024fde elementor-widget elementor-widget-text-editor\" data-id=\"9024fde\" data-element_type=\"widget\" data-e-type=\"widget\" data-widget_type=\"text-editor.default\">\n\t\t\t\t<div class=\"elementor-widget-container\">\n\t\t\t\t\t\t\t\t\t<p style=\"font-size: 16px; font-style: normal; font-weight: 400;\">Les communaut\u00e9s peuvent soutenir les personnes \u00e2g\u00e9es en cr\u00e9ant des opportunit\u00e9s d&rsquo;engagement social. Telles que des centres pour personnes \u00e2g\u00e9es et des \u00e9v\u00e9nements communautaires. Les prestataires de soins de sant\u00e9 peuvent d\u00e9pister l&rsquo;isolement social et fournir des ressources et des r\u00e9f\u00e9rences aux services de soutien. Les d\u00e9cideurs politiques peuvent soutenir les programmes et les politiques qui traitent des d\u00e9terminants sociaux de la sant\u00e9. Comme l&rsquo;acc\u00e8s \u00e0 un logement abordable, au transport et aux soins de sant\u00e9.<\/p><p style=\"font-size: 16px; font-style: normal; font-weight: 400;\">En plus de ces strat\u00e9gies, il est important de reconna\u00eetre l&rsquo;impact \u00e9motionnel de l&rsquo;isolement social sur les personnes \u00e2g\u00e9es. De nombreuses personnes \u00e2g\u00e9es peuvent se sentir g\u00ean\u00e9es ou honteuses d&rsquo;admettre leurs sentiments de solitude. Il est important de leur fournir un espace s\u00fbr et sans jugement pour qu&rsquo;elles puissent exprimer leurs pr\u00e9occupations et leurs sentiments. Il est \u00e9galement important d&rsquo;impliquer les personnes \u00e2g\u00e9es dans le processus d\u00e9cisionnel. Et de leur donner les moyens de jouer un r\u00f4le actif dans la lutte contre leur propre isolement social.<\/p>\t\t\t\t\t\t\t\t<\/div>\n\t\t\t\t<\/div>\n\t\t\t\t<div class=\"elementor-element elementor-element-08efd12 elementor-widget elementor-widget-spacer\" data-id=\"08efd12\" data-element_type=\"widget\" data-e-type=\"widget\" data-widget_type=\"spacer.default\">\n\t\t\t\t<div class=\"elementor-widget-container\">\n\t\t\t\t\t\t\t<div class=\"elementor-spacer\">\n\t\t\t<div class=\"elementor-spacer-inner\"><\/div>\n\t\t<\/div>\n\t\t\t\t\t\t<\/div>\n\t\t\t\t<\/div>\n\t\t\t\t<div class=\"elementor-element elementor-element-f309edd elementor-widget elementor-widget-heading\" data-id=\"f309edd\" data-element_type=\"widget\" data-e-type=\"widget\" data-widget_type=\"heading.default\">\n\t\t\t\t<div class=\"elementor-widget-container\">\n\t\t\t\t\t<h2 class=\"elementor-heading-title elementor-size-default\"><span style=\"font-size: 40px\">Conclusion<\/span><\/h2>\t\t\t\t<\/div>\n\t\t\t\t<\/div>\n\t\t\t\t<div class=\"elementor-element elementor-element-0f01957 elementor-widget elementor-widget-text-editor\" data-id=\"0f01957\" data-element_type=\"widget\" data-e-type=\"widget\" data-widget_type=\"text-editor.default\">\n\t\t\t\t<div class=\"elementor-widget-container\">\n\t\t\t\t\t\t\t\t\t<p><span style=\"font-weight: 400;\">En conclusion<\/span><span style=\"font-weight: 400;\">, l&rsquo;isolement social est un risque important pour les personnes \u00e2g\u00e9es, avec des impacts n\u00e9gatifs sur la sant\u00e9 physique et mentale. Cependant, il existe une vari\u00e9t\u00e9 de strat\u00e9gies qui peuvent \u00eatre utilis\u00e9es pour lutter contre l&rsquo;isolement social. Notamment l&rsquo;engagement social, la technologie, le transport et l&rsquo;<a href=\"https:\/\/votre-douche-senior.fr\/index.php\/contact\/\">aide \u00e0 la vie autonome<\/a>. En favorisant les liens sociaux et le bien-\u00eatre des personnes \u00e2g\u00e9es, nous pouvons contribuer \u00e0 garantir qu&rsquo;elles restent en bonne sant\u00e9, heureuses et soutenues \u00e0 mesure qu&rsquo;elles vieillissent.<\/span><\/p>\t\t\t\t\t\t\t\t<\/div>\n\t\t\t\t<\/div>\n\t\t\t\t<div class=\"elementor-element elementor-element-3f7c85f elementor-widget elementor-widget-spacer\" data-id=\"3f7c85f\" data-element_type=\"widget\" data-e-type=\"widget\" data-widget_type=\"spacer.default\">\n\t\t\t\t<div class=\"elementor-widget-container\">\n\t\t\t\t\t\t\t<div class=\"elementor-spacer\">\n\t\t\t<div class=\"elementor-spacer-inner\"><\/div>\n\t\t<\/div>\n\t\t\t\t\t\t<\/div>\n\t\t\t\t<\/div>\n\t\t\t\t\t<\/div>\n\t\t<\/div>\n\t\t\t\t\t<\/div>\n\t\t<\/section>\n\t\t\t\t<\/div>\n\t\t","protected":false},"excerpt":{"rendered":"<p>L&rsquo;impact de l&rsquo;isolement sur les personnes \u00e2g\u00e9es \u00c0 mesure que les gens vieillissent, leurs cercles sociaux se r\u00e9tr\u00e9cissent souvent, les laissant vuln\u00e9rables \u00e0 la solitude et \u00e0 l&rsquo;isolement. L&rsquo;isolement social peut avoir un impact significatif sur la sant\u00e9 physique et mentale des personnes \u00e2g\u00e9es. Augmentant le risque de d\u00e9pression, de d\u00e9clin cognitif et d&rsquo;autres probl\u00e8mes &hellip;<\/p>\n<p class=\"read-more\"> <a class=\"\" href=\"https:\/\/votre-douche-senior.fr\/index.php\/2023\/06\/01\/article-de-blog-3\/\"> <span class=\"screen-reader-text\">Article de blog 3<\/span> Lire la suite\u00a0\u00bb<\/a><\/p>\n","protected":false},"author":2,"featured_media":0,"comment_status":"closed","ping_status":"open","sticky":false,"template":"","format":"standard","meta":{"_eb_attr":"","site-sidebar-layout":"default","site-content-layout":"default","ast-global-header-display":"","ast-main-header-display":"","ast-hfb-above-header-display":"","ast-hfb-below-header-display":"","ast-hfb-mobile-header-display":"","site-post-title":"disabled","ast-breadcrumbs-content":"","ast-featured-img":"","footer-sml-layout":"","theme-transparent-header-meta":"","adv-header-id-meta":"","stick-header-meta":"","header-above-stick-meta":"","header-main-stick-meta":"","header-below-stick-meta":"","footnotes":""},"categories":[13],"tags":[],"class_list":["post-862","post","type-post","status-publish","format-standard","hentry","category-douche-securisee"],"yoast_head":"<!-- This site is optimized with the Yoast SEO plugin v27.5 - https:\/\/yoast.com\/product\/yoast-seo-wordpress\/ -->\n<title>L&#039;isolement social des personnes \u00e2g\u00e9es<\/title>\n<meta name=\"description\" content=\"L&#039;isolement social des personnes \u00e2g\u00e9es peut avoir un impact significatif sur leur sant\u00e9 physique et mentale\" \/>\n<meta name=\"robots\" content=\"index, follow, max-snippet:-1, max-image-preview:large, max-video-preview:-1\" \/>\n<link rel=\"canonical\" href=\"https:\/\/votre-douche-senior.fr\/index.php\/2023\/06\/01\/article-de-blog-3\/\" \/>\n<meta property=\"og:locale\" content=\"fr_FR\" \/>\n<meta property=\"og:type\" content=\"article\" \/>\n<meta property=\"og:title\" content=\"L&#039;isolement social des personnes \u00e2g\u00e9es\" \/>\n<meta property=\"og:description\" content=\"L&#039;isolement social des personnes \u00e2g\u00e9es peut avoir un impact significatif sur leur sant\u00e9 physique et mentale\" \/>\n<meta property=\"og:url\" content=\"https:\/\/votre-douche-senior.fr\/index.php\/2023\/06\/01\/article-de-blog-3\/\" \/>\n<meta property=\"og:site_name\" content=\"Votre douche s\u00e9nior\" \/>\n<meta property=\"article:published_time\" content=\"2023-06-01T13:45:28+00:00\" \/>\n<meta property=\"article:modified_time\" content=\"2023-06-15T10:17:25+00:00\" \/>\n<meta property=\"og:image\" content=\"http:\/\/votre-douche-senior.fr\/wp-content\/uploads\/2023\/05\/alex-boyd-6-H23dfH7Qo-unsplash-768x512.jpg\" \/>\n<meta name=\"author\" content=\"Lucas Barr\u00e9\" \/>\n<meta name=\"twitter:card\" content=\"summary_large_image\" \/>\n<meta name=\"twitter:label1\" content=\"\u00c9crit par\" \/>\n\t<meta name=\"twitter:data1\" content=\"Lucas Barr\u00e9\" \/>\n\t<meta name=\"twitter:label2\" content=\"Dur\u00e9e de lecture estim\u00e9e\" \/>\n\t<meta name=\"twitter:data2\" content=\"5 minutes\" \/>\n<script type=\"application\/ld+json\" class=\"yoast-schema-graph\">{\"@context\":\"https:\\\/\\\/schema.org\",\"@graph\":[{\"@type\":\"Article\",\"@id\":\"https:\\\/\\\/votre-douche-senior.fr\\\/index.php\\\/2023\\\/06\\\/01\\\/article-de-blog-3\\\/#article\",\"isPartOf\":{\"@id\":\"https:\\\/\\\/votre-douche-senior.fr\\\/index.php\\\/2023\\\/06\\\/01\\\/article-de-blog-3\\\/\"},\"author\":{\"name\":\"Lucas Barr\u00e9\",\"@id\":\"https:\\\/\\\/votre-douche-senior.fr\\\/#\\\/schema\\\/person\\\/4bfa1520735d41b033b7b76bb8a057e1\"},\"headline\":\"Article de blog 3\",\"datePublished\":\"2023-06-01T13:45:28+00:00\",\"dateModified\":\"2023-06-15T10:17:25+00:00\",\"mainEntityOfPage\":{\"@id\":\"https:\\\/\\\/votre-douche-senior.fr\\\/index.php\\\/2023\\\/06\\\/01\\\/article-de-blog-3\\\/\"},\"wordCount\":901,\"publisher\":{\"@id\":\"https:\\\/\\\/votre-douche-senior.fr\\\/#organization\"},\"image\":{\"@id\":\"https:\\\/\\\/votre-douche-senior.fr\\\/index.php\\\/2023\\\/06\\\/01\\\/article-de-blog-3\\\/#primaryimage\"},\"thumbnailUrl\":\"http:\\\/\\\/votre-douche-senior.fr\\\/wp-content\\\/uploads\\\/2023\\\/05\\\/alex-boyd-6-H23dfH7Qo-unsplash-768x512.jpg\",\"articleSection\":[\"Douche s\u00e9curis\u00e9e\"],\"inLanguage\":\"fr-FR\"},{\"@type\":\"WebPage\",\"@id\":\"https:\\\/\\\/votre-douche-senior.fr\\\/index.php\\\/2023\\\/06\\\/01\\\/article-de-blog-3\\\/\",\"url\":\"https:\\\/\\\/votre-douche-senior.fr\\\/index.php\\\/2023\\\/06\\\/01\\\/article-de-blog-3\\\/\",\"name\":\"L'isolement social des personnes \u00e2g\u00e9es\",\"isPartOf\":{\"@id\":\"https:\\\/\\\/votre-douche-senior.fr\\\/#website\"},\"primaryImageOfPage\":{\"@id\":\"https:\\\/\\\/votre-douche-senior.fr\\\/index.php\\\/2023\\\/06\\\/01\\\/article-de-blog-3\\\/#primaryimage\"},\"image\":{\"@id\":\"https:\\\/\\\/votre-douche-senior.fr\\\/index.php\\\/2023\\\/06\\\/01\\\/article-de-blog-3\\\/#primaryimage\"},\"thumbnailUrl\":\"http:\\\/\\\/votre-douche-senior.fr\\\/wp-content\\\/uploads\\\/2023\\\/05\\\/alex-boyd-6-H23dfH7Qo-unsplash-768x512.jpg\",\"datePublished\":\"2023-06-01T13:45:28+00:00\",\"dateModified\":\"2023-06-15T10:17:25+00:00\",\"description\":\"L'isolement social des personnes \u00e2g\u00e9es peut avoir un impact significatif sur leur sant\u00e9 physique et mentale\",\"breadcrumb\":{\"@id\":\"https:\\\/\\\/votre-douche-senior.fr\\\/index.php\\\/2023\\\/06\\\/01\\\/article-de-blog-3\\\/#breadcrumb\"},\"inLanguage\":\"fr-FR\",\"potentialAction\":[{\"@type\":\"ReadAction\",\"target\":[\"https:\\\/\\\/votre-douche-senior.fr\\\/index.php\\\/2023\\\/06\\\/01\\\/article-de-blog-3\\\/\"]}]},{\"@type\":\"ImageObject\",\"inLanguage\":\"fr-FR\",\"@id\":\"https:\\\/\\\/votre-douche-senior.fr\\\/index.php\\\/2023\\\/06\\\/01\\\/article-de-blog-3\\\/#primaryimage\",\"url\":\"https:\\\/\\\/votre-douche-senior.fr\\\/wp-content\\\/uploads\\\/2023\\\/05\\\/alex-boyd-6-H23dfH7Qo-unsplash-scaled.jpg\",\"contentUrl\":\"https:\\\/\\\/votre-douche-senior.fr\\\/wp-content\\\/uploads\\\/2023\\\/05\\\/alex-boyd-6-H23dfH7Qo-unsplash-scaled.jpg\",\"width\":2560,\"height\":1707},{\"@type\":\"BreadcrumbList\",\"@id\":\"https:\\\/\\\/votre-douche-senior.fr\\\/index.php\\\/2023\\\/06\\\/01\\\/article-de-blog-3\\\/#breadcrumb\",\"itemListElement\":[{\"@type\":\"ListItem\",\"position\":1,\"name\":\"Accueil\",\"item\":\"https:\\\/\\\/votre-douche-senior.fr\\\/\"},{\"@type\":\"ListItem\",\"position\":2,\"name\":\"Article de blog 3\"}]},{\"@type\":\"WebSite\",\"@id\":\"https:\\\/\\\/votre-douche-senior.fr\\\/#website\",\"url\":\"https:\\\/\\\/votre-douche-senior.fr\\\/\",\"name\":\"Votre douche s\u00e9nior\",\"description\":\"Le pro de la salle de bain\",\"publisher\":{\"@id\":\"https:\\\/\\\/votre-douche-senior.fr\\\/#organization\"},\"potentialAction\":[{\"@type\":\"SearchAction\",\"target\":{\"@type\":\"EntryPoint\",\"urlTemplate\":\"https:\\\/\\\/votre-douche-senior.fr\\\/?s={search_term_string}\"},\"query-input\":{\"@type\":\"PropertyValueSpecification\",\"valueRequired\":true,\"valueName\":\"search_term_string\"}}],\"inLanguage\":\"fr-FR\"},{\"@type\":\"Organization\",\"@id\":\"https:\\\/\\\/votre-douche-senior.fr\\\/#organization\",\"name\":\"Votre douche s\u00e9nior\",\"url\":\"https:\\\/\\\/votre-douche-senior.fr\\\/\",\"logo\":{\"@type\":\"ImageObject\",\"inLanguage\":\"fr-FR\",\"@id\":\"https:\\\/\\\/votre-douche-senior.fr\\\/#\\\/schema\\\/logo\\\/image\\\/\",\"url\":\"http:\\\/\\\/votre-douche-senior.fr\\\/wp-content\\\/uploads\\\/2023\\\/05\\\/Capture_d_ecran_2023-05-05_112034-removebg-preview-1.png\",\"contentUrl\":\"http:\\\/\\\/votre-douche-senior.fr\\\/wp-content\\\/uploads\\\/2023\\\/05\\\/Capture_d_ecran_2023-05-05_112034-removebg-preview-1.png\",\"width\":896,\"height\":278,\"caption\":\"Votre douche s\u00e9nior\"},\"image\":{\"@id\":\"https:\\\/\\\/votre-douche-senior.fr\\\/#\\\/schema\\\/logo\\\/image\\\/\"}},{\"@type\":\"Person\",\"@id\":\"https:\\\/\\\/votre-douche-senior.fr\\\/#\\\/schema\\\/person\\\/4bfa1520735d41b033b7b76bb8a057e1\",\"name\":\"Lucas Barr\u00e9\",\"image\":{\"@type\":\"ImageObject\",\"inLanguage\":\"fr-FR\",\"@id\":\"https:\\\/\\\/secure.gravatar.com\\\/avatar\\\/95e7ce79799bfd6af29764cd6a909e9ef48b69f38b6215daa557a3d873a2181c?s=96&d=mm&r=g\",\"url\":\"https:\\\/\\\/secure.gravatar.com\\\/avatar\\\/95e7ce79799bfd6af29764cd6a909e9ef48b69f38b6215daa557a3d873a2181c?s=96&d=mm&r=g\",\"contentUrl\":\"https:\\\/\\\/secure.gravatar.com\\\/avatar\\\/95e7ce79799bfd6af29764cd6a909e9ef48b69f38b6215daa557a3d873a2181c?s=96&d=mm&r=g\",\"caption\":\"Lucas Barr\u00e9\"},\"url\":\"https:\\\/\\\/votre-douche-senior.fr\\\/index.php\\\/author\\\/lucas_44\\\/\"}]}<\/script>\n<!-- \/ Yoast SEO plugin. -->","yoast_head_json":{"title":"L'isolement social des personnes \u00e2g\u00e9es","description":"L'isolement social des personnes \u00e2g\u00e9es peut avoir un impact significatif sur leur sant\u00e9 physique et mentale","robots":{"index":"index","follow":"follow","max-snippet":"max-snippet:-1","max-image-preview":"max-image-preview:large","max-video-preview":"max-video-preview:-1"},"canonical":"https:\/\/votre-douche-senior.fr\/index.php\/2023\/06\/01\/article-de-blog-3\/","og_locale":"fr_FR","og_type":"article","og_title":"L'isolement social des personnes \u00e2g\u00e9es","og_description":"L'isolement social des personnes \u00e2g\u00e9es peut avoir un impact significatif sur leur sant\u00e9 physique et mentale","og_url":"https:\/\/votre-douche-senior.fr\/index.php\/2023\/06\/01\/article-de-blog-3\/","og_site_name":"Votre douche s\u00e9nior","article_published_time":"2023-06-01T13:45:28+00:00","article_modified_time":"2023-06-15T10:17:25+00:00","og_image":[{"url":"http:\/\/votre-douche-senior.fr\/wp-content\/uploads\/2023\/05\/alex-boyd-6-H23dfH7Qo-unsplash-768x512.jpg","type":"","width":"","height":""}],"author":"Lucas Barr\u00e9","twitter_card":"summary_large_image","twitter_misc":{"\u00c9crit par":"Lucas Barr\u00e9","Dur\u00e9e de lecture estim\u00e9e":"5 minutes"},"schema":{"@context":"https:\/\/schema.org","@graph":[{"@type":"Article","@id":"https:\/\/votre-douche-senior.fr\/index.php\/2023\/06\/01\/article-de-blog-3\/#article","isPartOf":{"@id":"https:\/\/votre-douche-senior.fr\/index.php\/2023\/06\/01\/article-de-blog-3\/"},"author":{"name":"Lucas Barr\u00e9","@id":"https:\/\/votre-douche-senior.fr\/#\/schema\/person\/4bfa1520735d41b033b7b76bb8a057e1"},"headline":"Article de blog 3","datePublished":"2023-06-01T13:45:28+00:00","dateModified":"2023-06-15T10:17:25+00:00","mainEntityOfPage":{"@id":"https:\/\/votre-douche-senior.fr\/index.php\/2023\/06\/01\/article-de-blog-3\/"},"wordCount":901,"publisher":{"@id":"https:\/\/votre-douche-senior.fr\/#organization"},"image":{"@id":"https:\/\/votre-douche-senior.fr\/index.php\/2023\/06\/01\/article-de-blog-3\/#primaryimage"},"thumbnailUrl":"http:\/\/votre-douche-senior.fr\/wp-content\/uploads\/2023\/05\/alex-boyd-6-H23dfH7Qo-unsplash-768x512.jpg","articleSection":["Douche s\u00e9curis\u00e9e"],"inLanguage":"fr-FR"},{"@type":"WebPage","@id":"https:\/\/votre-douche-senior.fr\/index.php\/2023\/06\/01\/article-de-blog-3\/","url":"https:\/\/votre-douche-senior.fr\/index.php\/2023\/06\/01\/article-de-blog-3\/","name":"L'isolement social des personnes \u00e2g\u00e9es","isPartOf":{"@id":"https:\/\/votre-douche-senior.fr\/#website"},"primaryImageOfPage":{"@id":"https:\/\/votre-douche-senior.fr\/index.php\/2023\/06\/01\/article-de-blog-3\/#primaryimage"},"image":{"@id":"https:\/\/votre-douche-senior.fr\/index.php\/2023\/06\/01\/article-de-blog-3\/#primaryimage"},"thumbnailUrl":"http:\/\/votre-douche-senior.fr\/wp-content\/uploads\/2023\/05\/alex-boyd-6-H23dfH7Qo-unsplash-768x512.jpg","datePublished":"2023-06-01T13:45:28+00:00","dateModified":"2023-06-15T10:17:25+00:00","description":"L'isolement social des personnes \u00e2g\u00e9es peut avoir un impact significatif sur leur sant\u00e9 physique et mentale","breadcrumb":{"@id":"https:\/\/votre-douche-senior.fr\/index.php\/2023\/06\/01\/article-de-blog-3\/#breadcrumb"},"inLanguage":"fr-FR","potentialAction":[{"@type":"ReadAction","target":["https:\/\/votre-douche-senior.fr\/index.php\/2023\/06\/01\/article-de-blog-3\/"]}]},{"@type":"ImageObject","inLanguage":"fr-FR","@id":"https:\/\/votre-douche-senior.fr\/index.php\/2023\/06\/01\/article-de-blog-3\/#primaryimage","url":"https:\/\/votre-douche-senior.fr\/wp-content\/uploads\/2023\/05\/alex-boyd-6-H23dfH7Qo-unsplash-scaled.jpg","contentUrl":"https:\/\/votre-douche-senior.fr\/wp-content\/uploads\/2023\/05\/alex-boyd-6-H23dfH7Qo-unsplash-scaled.jpg","width":2560,"height":1707},{"@type":"BreadcrumbList","@id":"https:\/\/votre-douche-senior.fr\/index.php\/2023\/06\/01\/article-de-blog-3\/#breadcrumb","itemListElement":[{"@type":"ListItem","position":1,"name":"Accueil","item":"https:\/\/votre-douche-senior.fr\/"},{"@type":"ListItem","position":2,"name":"Article de blog 3"}]},{"@type":"WebSite","@id":"https:\/\/votre-douche-senior.fr\/#website","url":"https:\/\/votre-douche-senior.fr\/","name":"Votre douche s\u00e9nior","description":"Le pro de la salle de bain","publisher":{"@id":"https:\/\/votre-douche-senior.fr\/#organization"},"potentialAction":[{"@type":"SearchAction","target":{"@type":"EntryPoint","urlTemplate":"https:\/\/votre-douche-senior.fr\/?s={search_term_string}"},"query-input":{"@type":"PropertyValueSpecification","valueRequired":true,"valueName":"search_term_string"}}],"inLanguage":"fr-FR"},{"@type":"Organization","@id":"https:\/\/votre-douche-senior.fr\/#organization","name":"Votre douche s\u00e9nior","url":"https:\/\/votre-douche-senior.fr\/","logo":{"@type":"ImageObject","inLanguage":"fr-FR","@id":"https:\/\/votre-douche-senior.fr\/#\/schema\/logo\/image\/","url":"http:\/\/votre-douche-senior.fr\/wp-content\/uploads\/2023\/05\/Capture_d_ecran_2023-05-05_112034-removebg-preview-1.png","contentUrl":"http:\/\/votre-douche-senior.fr\/wp-content\/uploads\/2023\/05\/Capture_d_ecran_2023-05-05_112034-removebg-preview-1.png","width":896,"height":278,"caption":"Votre douche s\u00e9nior"},"image":{"@id":"https:\/\/votre-douche-senior.fr\/#\/schema\/logo\/image\/"}},{"@type":"Person","@id":"https:\/\/votre-douche-senior.fr\/#\/schema\/person\/4bfa1520735d41b033b7b76bb8a057e1","name":"Lucas Barr\u00e9","image":{"@type":"ImageObject","inLanguage":"fr-FR","@id":"https:\/\/secure.gravatar.com\/avatar\/95e7ce79799bfd6af29764cd6a909e9ef48b69f38b6215daa557a3d873a2181c?s=96&d=mm&r=g","url":"https:\/\/secure.gravatar.com\/avatar\/95e7ce79799bfd6af29764cd6a909e9ef48b69f38b6215daa557a3d873a2181c?s=96&d=mm&r=g","contentUrl":"https:\/\/secure.gravatar.com\/avatar\/95e7ce79799bfd6af29764cd6a909e9ef48b69f38b6215daa557a3d873a2181c?s=96&d=mm&r=g","caption":"Lucas Barr\u00e9"},"url":"https:\/\/votre-douche-senior.fr\/index.php\/author\/lucas_44\/"}]}},"_links":{"self":[{"href":"https:\/\/votre-douche-senior.fr\/index.php\/wp-json\/wp\/v2\/posts\/862","targetHints":{"allow":["GET"]}}],"collection":[{"href":"https:\/\/votre-douche-senior.fr\/index.php\/wp-json\/wp\/v2\/posts"}],"about":[{"href":"https:\/\/votre-douche-senior.fr\/index.php\/wp-json\/wp\/v2\/types\/post"}],"author":[{"embeddable":true,"href":"https:\/\/votre-douche-senior.fr\/index.php\/wp-json\/wp\/v2\/users\/2"}],"replies":[{"embeddable":true,"href":"https:\/\/votre-douche-senior.fr\/index.php\/wp-json\/wp\/v2\/comments?post=862"}],"version-history":[{"count":32,"href":"https:\/\/votre-douche-senior.fr\/index.php\/wp-json\/wp\/v2\/posts\/862\/revisions"}],"predecessor-version":[{"id":1033,"href":"https:\/\/votre-douche-senior.fr\/index.php\/wp-json\/wp\/v2\/posts\/862\/revisions\/1033"}],"wp:attachment":[{"href":"https:\/\/votre-douche-senior.fr\/index.php\/wp-json\/wp\/v2\/media?parent=862"}],"wp:term":[{"taxonomy":"category","embeddable":true,"href":"https:\/\/votre-douche-senior.fr\/index.php\/wp-json\/wp\/v2\/categories?post=862"},{"taxonomy":"post_tag","embeddable":true,"href":"https:\/\/votre-douche-senior.fr\/index.php\/wp-json\/wp\/v2\/tags?post=862"}],"curies":[{"name":"wp","href":"https:\/\/api.w.org\/{rel}","templated":true}]}}