{"id":939,"date":"2023-06-05T16:10:38","date_gmt":"2023-06-05T14:10:38","guid":{"rendered":"http:\/\/votre-douche-senior.fr\/?p=939"},"modified":"2023-06-16T10:20:02","modified_gmt":"2023-06-16T08:20:02","slug":"article-de-blog-5","status":"publish","type":"post","link":"https:\/\/votre-douche-senior.fr\/index.php\/2023\/06\/05\/article-de-blog-5\/","title":{"rendered":"Article de blog 5"},"content":{"rendered":"\t\t<div data-elementor-type=\"wp-post\" data-elementor-id=\"939\" class=\"elementor elementor-939\">\n\t\t\t\t\t\t<section class=\"elementor-section elementor-top-section elementor-element elementor-element-2a8884e elementor-section-boxed elementor-section-height-default elementor-section-height-default\" data-id=\"2a8884e\" data-element_type=\"section\" data-e-type=\"section\">\n\t\t\t\t\t\t<div class=\"elementor-container elementor-column-gap-default\">\n\t\t\t\t\t<div class=\"elementor-column elementor-col-100 elementor-top-column elementor-element elementor-element-c445144\" data-id=\"c445144\" data-element_type=\"column\" data-e-type=\"column\">\n\t\t\t<div class=\"elementor-widget-wrap elementor-element-populated\">\n\t\t\t\t\t\t<div class=\"elementor-element elementor-element-2af0f31 elementor-widget elementor-widget-spacer\" data-id=\"2af0f31\" data-element_type=\"widget\" data-e-type=\"widget\" data-widget_type=\"spacer.default\">\n\t\t\t\t<div class=\"elementor-widget-container\">\n\t\t\t\t\t\t\t<div class=\"elementor-spacer\">\n\t\t\t<div class=\"elementor-spacer-inner\"><\/div>\n\t\t<\/div>\n\t\t\t\t\t\t<\/div>\n\t\t\t\t<\/div>\n\t\t\t\t<div class=\"elementor-element elementor-element-ebf0768 elementor-widget elementor-widget-heading\" data-id=\"ebf0768\" data-element_type=\"widget\" data-e-type=\"widget\" data-widget_type=\"heading.default\">\n\t\t\t\t<div class=\"elementor-widget-container\">\n\t\t\t\t\t<h1 class=\"elementor-heading-title elementor-size-default\"><h1 data-elementor-setting-key=\"title\" data-pen-placeholder=\"\u00c9crivez ici...\" style=\"font-size: 50px;font-style: normal;line-height: 60px;text-align: center\">Innovations en mati\u00e8re de s\u00e9curit\u00e9 dans les douches adapt\u00e9es aux personnes \u00e2g\u00e9es : un aper\u00e7u des derni\u00e8res technologies <\/h1><\/h1>\t\t\t\t<\/div>\n\t\t\t\t<\/div>\n\t\t\t\t<div class=\"elementor-element elementor-element-2d52eeb elementor-widget__width-initial elementor-widget elementor-widget-text-editor\" data-id=\"2d52eeb\" data-element_type=\"widget\" data-e-type=\"widget\" data-widget_type=\"text-editor.default\">\n\t\t\t\t<div class=\"elementor-widget-container\">\n\t\t\t\t\t\t\t\t\t<p><span style=\"font-weight: 400;\">\u00c0 mesure que la population continue de vieillir, la demande de solutions adapt\u00e9es aux personnes \u00e2g\u00e9es dans divers aspects de la vie, y compris les modifications du domicile, a consid\u00e9rablement augment\u00e9. Un domaine qui a connu des progr\u00e8s remarquables est celui des <a href=\"https:\/\/votre-douche-senior.fr\/\">douches adapt\u00e9es aux personnes \u00e2g\u00e9es<\/a>. Gr\u00e2ce \u00e0 l&rsquo;int\u00e9gration de technologies de pointe, ces douches sont maintenant plus s\u00e9curitaires, plus accessibles et offrent un confort accru aux a\u00een\u00e9s. Dans cet article, nous explorerons les derni\u00e8res innovations en mati\u00e8re de s\u00e9curit\u00e9 dans les douches adapt\u00e9es aux personnes \u00e2g\u00e9es, en soulignant comment ces technologies contribuent \u00e0 une exp\u00e9rience de bain s\u00fbre et agr\u00e9able pour les personnes \u00e2g\u00e9es.<\/span><\/p>\t\t\t\t\t\t\t\t<\/div>\n\t\t\t\t<\/div>\n\t\t\t\t<div class=\"elementor-element elementor-element-490f321 elementor-widget elementor-widget-spacer\" data-id=\"490f321\" data-element_type=\"widget\" data-e-type=\"widget\" data-widget_type=\"spacer.default\">\n\t\t\t\t<div class=\"elementor-widget-container\">\n\t\t\t\t\t\t\t<div class=\"elementor-spacer\">\n\t\t\t<div class=\"elementor-spacer-inner\"><\/div>\n\t\t<\/div>\n\t\t\t\t\t\t<\/div>\n\t\t\t\t<\/div>\n\t\t\t\t<div class=\"elementor-element elementor-element-2e36cbb elementor-widget elementor-widget-heading\" data-id=\"2e36cbb\" data-element_type=\"widget\" data-e-type=\"widget\" data-widget_type=\"heading.default\">\n\t\t\t\t<div class=\"elementor-widget-container\">\n\t\t\t\t\t<h2 class=\"elementor-heading-title elementor-size-default\"><h2 data-elementor-setting-key=\"title\" data-pen-placeholder=\"\u00c9crivez ici...\" style=\"font-size: 40px;font-style: normal\">Syst\u00e8mes intelligents de contr\u00f4le de la temp\u00e9rature<\/h2><\/h2>\t\t\t\t<\/div>\n\t\t\t\t<\/div>\n\t\t\t\t<div class=\"elementor-element elementor-element-9ad900a elementor-widget elementor-widget-text-editor\" data-id=\"9ad900a\" data-element_type=\"widget\" data-e-type=\"widget\" data-widget_type=\"text-editor.default\">\n\t\t\t\t<div class=\"elementor-widget-container\">\n\t\t\t\t\t\t\t\t\t<p><span style=\"font-weight: 400;\">L&rsquo;une des principales pr\u00e9occupations des personnes \u00e2g\u00e9es est l&rsquo;\u00e9bouillantage ou les changements soudains de temp\u00e9rature pendant la douche. Les\u00a0<\/span>derni\u00e8res technologies dans les douches adapt\u00e9es tel que l<span style=\"font-style: inherit;\">es syst\u00e8mes intelligents de contr\u00f4le de la temp\u00e9rature r\u00e9solvent ce probl\u00e8me en permettant un contr\u00f4le pr\u00e9cis de la temp\u00e9rature de l&rsquo;eau. Ces syst\u00e8mes utilisent des capteurs avanc\u00e9s et des vannes thermostatiques pour maintenir une temp\u00e9rature constante de l&rsquo;eau, \u00e9vitant ainsi toute fluctuation inattendue. De plus, certains mod\u00e8les incluent des interfaces conviviales qui permettent aux personnes \u00e2g\u00e9es de r\u00e9gler et de personnaliser leur temp\u00e9rature d&rsquo;eau pr\u00e9f\u00e9r\u00e9e, offrant une couche suppl\u00e9mentaire de s\u00e9curit\u00e9 et de commodit\u00e9.<\/span><\/p>\t\t\t\t\t\t\t\t<\/div>\n\t\t\t\t<\/div>\n\t\t\t\t<div class=\"elementor-element elementor-element-2bccdd3 elementor-widget elementor-widget-spacer\" data-id=\"2bccdd3\" data-element_type=\"widget\" data-e-type=\"widget\" data-widget_type=\"spacer.default\">\n\t\t\t\t<div class=\"elementor-widget-container\">\n\t\t\t\t\t\t\t<div class=\"elementor-spacer\">\n\t\t\t<div class=\"elementor-spacer-inner\"><\/div>\n\t\t<\/div>\n\t\t\t\t\t\t<\/div>\n\t\t\t\t<\/div>\n\t\t\t\t<div class=\"elementor-element elementor-element-f62559a elementor-widget elementor-widget-image\" data-id=\"f62559a\" data-element_type=\"widget\" data-e-type=\"widget\" data-widget_type=\"image.default\">\n\t\t\t\t<div class=\"elementor-widget-container\">\n\t\t\t\t\t\t\t\t\t\t\t\t<figure class=\"wp-caption\">\n\t\t\t\t\t\t\t\t\t\t\t<a href=\"\">\n\t\t\t\t\t\t\t<img fetchpriority=\"high\" decoding=\"async\" width=\"768\" height=\"512\" src=\"https:\/\/votre-douche-senior.fr\/wp-content\/uploads\/2023\/05\/cdc-F98Mv9O6LfI-unsplash-768x512.jpg\" class=\"attachment-medium_large size-medium_large wp-image-744\" alt=\"\" srcset=\"https:\/\/votre-douche-senior.fr\/wp-content\/uploads\/2023\/05\/cdc-F98Mv9O6LfI-unsplash-768x512.jpg 768w, https:\/\/votre-douche-senior.fr\/wp-content\/uploads\/2023\/05\/cdc-F98Mv9O6LfI-unsplash-300x200.jpg 300w, https:\/\/votre-douche-senior.fr\/wp-content\/uploads\/2023\/05\/cdc-F98Mv9O6LfI-unsplash-1024x683.jpg 1024w, https:\/\/votre-douche-senior.fr\/wp-content\/uploads\/2023\/05\/cdc-F98Mv9O6LfI-unsplash-1536x1024.jpg 1536w, https:\/\/votre-douche-senior.fr\/wp-content\/uploads\/2023\/05\/cdc-F98Mv9O6LfI-unsplash-2048x1366.jpg 2048w\" sizes=\"(max-width: 768px) 100vw, 768px\" \/>\t\t\t\t\t\t\t\t<\/a>\n\t\t\t\t\t\t\t\t\t\t\t<figcaption class=\"widget-image-caption wp-caption-text\">Options de logement pour les personnes \u00e2g\u00e9es    <\/figcaption>\n\t\t\t\t\t\t\t\t\t\t<\/figure>\n\t\t\t\t\t\t\t\t\t<\/div>\n\t\t\t\t<\/div>\n\t\t\t\t<div class=\"elementor-element elementor-element-7105f7d elementor-widget elementor-widget-spacer\" data-id=\"7105f7d\" data-element_type=\"widget\" data-e-type=\"widget\" data-widget_type=\"spacer.default\">\n\t\t\t\t<div class=\"elementor-widget-container\">\n\t\t\t\t\t\t\t<div class=\"elementor-spacer\">\n\t\t\t<div class=\"elementor-spacer-inner\"><\/div>\n\t\t<\/div>\n\t\t\t\t\t\t<\/div>\n\t\t\t\t<\/div>\n\t\t\t\t<div class=\"elementor-element elementor-element-f34c9e2 elementor-widget elementor-widget-heading\" data-id=\"f34c9e2\" data-element_type=\"widget\" data-e-type=\"widget\" data-widget_type=\"heading.default\">\n\t\t\t\t<div class=\"elementor-widget-container\">\n\t\t\t\t\t<h2 class=\"elementor-heading-title elementor-size-default\"><h2 data-elementor-setting-key=\"title\" data-pen-placeholder=\"\u00c9crivez ici...\" style=\"font-size: 40px;font-style: normal\">D\u00e9tecteurs de mouvement et de pr\u00e9sence<\/h2><\/h2>\t\t\t\t<\/div>\n\t\t\t\t<\/div>\n\t\t\t\t<div class=\"elementor-element elementor-element-d6b4b5a elementor-widget elementor-widget-text-editor\" data-id=\"d6b4b5a\" data-element_type=\"widget\" data-e-type=\"widget\" data-widget_type=\"text-editor.default\">\n\t\t\t\t<div class=\"elementor-widget-container\">\n\t\t\t\t\t\t\t\t\t<p><span style=\"font-weight: 400;\">Pour \u00e9viter les glissades et les chutes, les douches adapt\u00e9es aux personnes \u00e2g\u00e9es peuvent incorporer des d\u00e9tecteurs de mouvement et de pr\u00e9sence. Ces capteurs d\u00e9tectent les mouvements dans la zone de douche et ajustent l&rsquo;\u00e9clairage en cons\u00e9quence. En \u00e9clairant automatiquement l&rsquo;espace douche, ils am\u00e9liorent la visibilit\u00e9 et r\u00e9duisent les risques d&rsquo;accidents. De plus, ces capteurs peuvent \u00e9galement \u00eatre connect\u00e9s \u00e0 d&rsquo;autres dispositifs de s\u00e9curit\u00e9, tels que des barres d&rsquo;appui ou des syst\u00e8mes d&rsquo;alerte d&rsquo;urgence, offrant une couche de s\u00e9curit\u00e9 suppl\u00e9mentaire. En cas de chute ou d&rsquo;urgence, les capteurs peuvent d\u00e9clencher des alertes ou des notifications aux soignants ou aux membres de la famille, garantissant une assistance rapide.<\/span><\/p>\t\t\t\t\t\t\t\t<\/div>\n\t\t\t\t<\/div>\n\t\t\t\t<div class=\"elementor-element elementor-element-08efd12 elementor-widget elementor-widget-spacer\" data-id=\"08efd12\" data-element_type=\"widget\" data-e-type=\"widget\" data-widget_type=\"spacer.default\">\n\t\t\t\t<div class=\"elementor-widget-container\">\n\t\t\t\t\t\t\t<div class=\"elementor-spacer\">\n\t\t\t<div class=\"elementor-spacer-inner\"><\/div>\n\t\t<\/div>\n\t\t\t\t\t\t<\/div>\n\t\t\t\t<\/div>\n\t\t\t\t<div class=\"elementor-element elementor-element-f309edd elementor-widget elementor-widget-heading\" data-id=\"f309edd\" data-element_type=\"widget\" data-e-type=\"widget\" data-widget_type=\"heading.default\">\n\t\t\t\t<div class=\"elementor-widget-container\">\n\t\t\t\t\t<h2 class=\"elementor-heading-title elementor-size-default\"><h2 data-elementor-setting-key=\"title\" data-pen-placeholder=\"\u00c9crivez ici...\" style=\"font-size: 40px;font-style: normal\">Rev\u00eatements de sol et rev\u00eatements antid\u00e9rapants\n<\/h2><\/h2>\t\t\t\t<\/div>\n\t\t\t\t<\/div>\n\t\t\t\t<div class=\"elementor-element elementor-element-9024fde elementor-widget elementor-widget-text-editor\" data-id=\"9024fde\" data-element_type=\"widget\" data-e-type=\"widget\" data-widget_type=\"text-editor.default\">\n\t\t\t\t<div class=\"elementor-widget-container\">\n\t\t\t\t\t\t\t\t\t<p><span style=\"font-weight: 400;\">Les surfaces glissantes dans la salle de bain peuvent pr\u00e9senter un risque important pour les personnes \u00e2g\u00e9es. Pour r\u00e9pondre \u00e0 cette pr\u00e9occupation, les douches adapt\u00e9es aux personnes \u00e2g\u00e9es int\u00e8grent souvent des rev\u00eatements de sol ou des rev\u00eatements antid\u00e9rapants avanc\u00e9s. Ces surfaces offrent un haut niveau de traction, r\u00e9duisant la probabilit\u00e9 de glissades et de chutes. Les mat\u00e9riaux utilis\u00e9s dans ces solutions sont sp\u00e9cialement con\u00e7us pour conserver leurs propri\u00e9t\u00e9s antid\u00e9rapantes m\u00eame lorsqu&rsquo;ils sont mouill\u00e9s. Des carreaux textur\u00e9s aux rev\u00eatements sp\u00e9cialis\u00e9s, ces innovations am\u00e9liorent consid\u00e9rablement la s\u00e9curit\u00e9 et la stabilit\u00e9 de la zone de douche, favorisant la confiance et l&rsquo;ind\u00e9pendance des personnes \u00e2g\u00e9es.<\/span><\/p>\t\t\t\t\t\t\t\t<\/div>\n\t\t\t\t<\/div>\n\t\t\t\t<div class=\"elementor-element elementor-element-5e43c82 elementor-align-center elementor-widget elementor-widget-button\" data-id=\"5e43c82\" data-element_type=\"widget\" data-e-type=\"widget\" data-widget_type=\"button.default\">\n\t\t\t\t<div class=\"elementor-widget-container\">\n\t\t\t\t\t\t\t\t\t<div class=\"elementor-button-wrapper\">\n\t\t\t\t\t<a class=\"elementor-button elementor-button-link elementor-size-sm\" href=\"\">\n\t\t\t\t\t\t<span class=\"elementor-button-content-wrapper\">\n\t\t\t\t\t\t\t\t\t<span class=\"elementor-button-text\">Obtenir un devis<\/span>\n\t\t\t\t\t<\/span>\n\t\t\t\t\t<\/a>\n\t\t\t\t<\/div>\n\t\t\t\t\t\t\t\t<\/div>\n\t\t\t\t<\/div>\n\t\t\t\t<div class=\"elementor-element elementor-element-3f7c85f elementor-widget elementor-widget-spacer\" data-id=\"3f7c85f\" data-element_type=\"widget\" data-e-type=\"widget\" data-widget_type=\"spacer.default\">\n\t\t\t\t<div class=\"elementor-widget-container\">\n\t\t\t\t\t\t\t<div class=\"elementor-spacer\">\n\t\t\t<div class=\"elementor-spacer-inner\"><\/div>\n\t\t<\/div>\n\t\t\t\t\t\t<\/div>\n\t\t\t\t<\/div>\n\t\t\t\t<div class=\"elementor-element elementor-element-fc0acf5 elementor-widget elementor-widget-heading\" data-id=\"fc0acf5\" data-element_type=\"widget\" data-e-type=\"widget\" data-widget_type=\"heading.default\">\n\t\t\t\t<div class=\"elementor-widget-container\">\n\t\t\t\t\t<h2 class=\"elementor-heading-title elementor-size-default\"><h2 data-elementor-setting-key=\"title\" data-pen-placeholder=\"\u00c9crivez ici...\" style=\"font-size: 40px;font-style: normal\">Syst\u00e8mes \u00e0 commande vocale<\/h2><\/h2>\t\t\t\t<\/div>\n\t\t\t\t<\/div>\n\t\t\t\t<div class=\"elementor-element elementor-element-38d35f2 elementor-widget elementor-widget-text-editor\" data-id=\"38d35f2\" data-element_type=\"widget\" data-e-type=\"widget\" data-widget_type=\"text-editor.default\">\n\t\t\t\t<div class=\"elementor-widget-container\">\n\t\t\t\t\t\t\t\t\t<p><span style=\"font-weight: 400;\">La technologie \u00e0 commande vocale a r\u00e9volutionn\u00e9 la fa\u00e7on dont nous interagissons avec notre environnement, et elle a \u00e9galement trouv\u00e9 sa place dans les douches adapt\u00e9es aux personnes \u00e2g\u00e9es. Les commandes vocales permettent aux personnes \u00e2g\u00e9es d&rsquo;utiliser diverses fonctions de douche, telles que les r\u00e9glages de temp\u00e9rature, le d\u00e9bit d&rsquo;eau et m\u00eame l&rsquo;\u00e9clairage, \u00e0 l&rsquo;aide de commandes vocales. Cette op\u00e9ration mains libres minimise le besoin d&rsquo;effort physique ou de dext\u00e9rit\u00e9, ce qui rend l&rsquo;exp\u00e9rience de la douche plus pratique et accessible pour les personnes \u00e2g\u00e9es \u00e0 mobilit\u00e9 r\u00e9duite ou souffrant d&rsquo;arthrite. Les commandes vocales offrent une solution intuitive et conviviale qui permet aux personnes \u00e2g\u00e9es de personnaliser leur exp\u00e9rience de douche tout en maintenant la s\u00e9curit\u00e9 et la facilit\u00e9 d&rsquo;utilisation.<\/span><\/p>\t\t\t\t\t\t\t\t<\/div>\n\t\t\t\t<\/div>\n\t\t\t\t<div class=\"elementor-element elementor-element-1f62c9f elementor-widget elementor-widget-spacer\" data-id=\"1f62c9f\" data-element_type=\"widget\" data-e-type=\"widget\" data-widget_type=\"spacer.default\">\n\t\t\t\t<div class=\"elementor-widget-container\">\n\t\t\t\t\t\t\t<div class=\"elementor-spacer\">\n\t\t\t<div class=\"elementor-spacer-inner\"><\/div>\n\t\t<\/div>\n\t\t\t\t\t\t<\/div>\n\t\t\t\t<\/div>\n\t\t\t\t<div class=\"elementor-element elementor-element-2e60ec8 elementor-widget elementor-widget-heading\" data-id=\"2e60ec8\" data-element_type=\"widget\" data-e-type=\"widget\" data-widget_type=\"heading.default\">\n\t\t\t\t<div class=\"elementor-widget-container\">\n\t\t\t\t\t<h2 class=\"elementor-heading-title elementor-size-default\"><h2 data-elementor-setting-key=\"title\" data-pen-placeholder=\"\u00c9crivez ici...\" style=\"font-size: 40px;font-style: normal\">Syst\u00e8mes d'alerte d'urgence int\u00e9gr\u00e9s\n<\/h2><\/h2>\t\t\t\t<\/div>\n\t\t\t\t<\/div>\n\t\t\t\t<div class=\"elementor-element elementor-element-64a67e8 elementor-widget elementor-widget-text-editor\" data-id=\"64a67e8\" data-element_type=\"widget\" data-e-type=\"widget\" data-widget_type=\"text-editor.default\">\n\t\t\t\t<div class=\"elementor-widget-container\">\n\t\t\t\t\t\t\t\t\t<p><span style=\"font-weight: 400;\">En cas d&rsquo;urgence ou de chute dans la zone de douche, une assistance imm\u00e9diate est cruciale. Les douches adapt\u00e9es aux personnes \u00e2g\u00e9es offrent d\u00e9sormais des syst\u00e8mes d&rsquo;alerte d&rsquo;urgence int\u00e9gr\u00e9s qui peuvent \u00eatre facilement activ\u00e9s dans de telles situations. Ces syst\u00e8mes peuvent inclure des fonctionnalit\u00e9s telles que des boutons de panique, des appareils portables \u00e9tanches ou m\u00eame des appels d&rsquo;urgence \u00e0 commande vocale. Lorsqu&rsquo;ils sont activ\u00e9s, ils peuvent automatiquement alerter les soignants d\u00e9sign\u00e9s, les membres de la famille ou les services d&rsquo;urgence, garantissant une r\u00e9ponse rapide et une assistance rapide. Ces syst\u00e8mes d&rsquo;alerte d&rsquo;urgence int\u00e9gr\u00e9s offrent aux personnes \u00e2g\u00e9es la tranquillit\u00e9 d&rsquo;esprit et une couche suppl\u00e9mentaire de s\u00e9curit\u00e9 lors de l&rsquo;utilisation de la douche.<\/span><\/p>\t\t\t\t\t\t\t\t<\/div>\n\t\t\t\t<\/div>\n\t\t\t\t<div class=\"elementor-element elementor-element-5023795 elementor-widget elementor-widget-spacer\" data-id=\"5023795\" data-element_type=\"widget\" data-e-type=\"widget\" data-widget_type=\"spacer.default\">\n\t\t\t\t<div class=\"elementor-widget-container\">\n\t\t\t\t\t\t\t<div class=\"elementor-spacer\">\n\t\t\t<div class=\"elementor-spacer-inner\"><\/div>\n\t\t<\/div>\n\t\t\t\t\t\t<\/div>\n\t\t\t\t<\/div>\n\t\t\t\t<div class=\"elementor-element elementor-element-dc66319 elementor-widget elementor-widget-heading\" data-id=\"dc66319\" data-element_type=\"widget\" data-e-type=\"widget\" data-widget_type=\"heading.default\">\n\t\t\t\t<div class=\"elementor-widget-container\">\n\t\t\t\t\t<h2 class=\"elementor-heading-title elementor-size-default\"><h2 data-elementor-setting-key=\"title\" data-pen-placeholder=\"\u00c9crivez ici...\" style=\"font-size: 40px;font-style: normal\">Conclusion <\/h2><\/h2>\t\t\t\t<\/div>\n\t\t\t\t<\/div>\n\t\t\t\t<div class=\"elementor-element elementor-element-2f9ddd7 elementor-widget elementor-widget-text-editor\" data-id=\"2f9ddd7\" data-element_type=\"widget\" data-e-type=\"widget\" data-widget_type=\"text-editor.default\">\n\t\t\t\t<div class=\"elementor-widget-container\">\n\t\t\t\t\t\t\t\t\t<p><span style=\"font-weight: 400;\">Les derni\u00e8res innovations en mati\u00e8re de s\u00e9curit\u00e9 dans les douches adapt\u00e9es aux personnes \u00e2g\u00e9es ont <a href=\"https:\/\/votre-douche-senior.fr\/index.php\/contact\/\">r\u00e9volutionn\u00e9 l&rsquo;exp\u00e9rience du bain pour les personnes \u00e2g\u00e9es<\/a>. Des syst\u00e8mes intelligents de contr\u00f4le de la temp\u00e9rature et des capteurs de mouvement aux rev\u00eatements de sol antid\u00e9rapants et aux commandes vocales, ces technologies donnent la priorit\u00e9 \u00e0 la s\u00e9curit\u00e9, \u00e0 l&rsquo;accessibilit\u00e9 et \u00e0 la commodit\u00e9. En int\u00e9grant ces avanc\u00e9es, les douches adapt\u00e9es aux personnes \u00e2g\u00e9es cr\u00e9ent un environnement qui r\u00e9duit les risques d&rsquo;accidents, am\u00e9liore le confort et favorise l&rsquo;ind\u00e9pendance des personnes \u00e2g\u00e9es. Alors que la technologie continue d&rsquo;\u00e9voluer, nous pouvons nous attendre \u00e0 des solutions encore plus innovantes pour les personnes \u00e2g\u00e9es.<\/span><\/p>\t\t\t\t\t\t\t\t<\/div>\n\t\t\t\t<\/div>\n\t\t\t\t\t<\/div>\n\t\t<\/div>\n\t\t\t\t\t<\/div>\n\t\t<\/section>\n\t\t\t\t<\/div>\n\t\t","protected":false},"excerpt":{"rendered":"<p>Innovations en mati\u00e8re de s\u00e9curit\u00e9 dans les douches adapt\u00e9es aux personnes \u00e2g\u00e9es : un aper\u00e7u des derni\u00e8res technologies \u00c0 mesure que la population continue de vieillir, la demande de solutions adapt\u00e9es aux personnes \u00e2g\u00e9es dans divers aspects de la vie, y compris les modifications du domicile, a consid\u00e9rablement augment\u00e9. Un domaine qui a connu des &hellip;<\/p>\n<p class=\"read-more\"> <a class=\"\" href=\"https:\/\/votre-douche-senior.fr\/index.php\/2023\/06\/05\/article-de-blog-5\/\"> <span class=\"screen-reader-text\">Article de blog 5<\/span> Lire la suite\u00a0\u00bb<\/a><\/p>\n","protected":false},"author":2,"featured_media":0,"comment_status":"closed","ping_status":"open","sticky":false,"template":"","format":"standard","meta":{"_eb_attr":"","site-sidebar-layout":"default","site-content-layout":"default","ast-global-header-display":"","ast-main-header-display":"","ast-hfb-above-header-display":"","ast-hfb-below-header-display":"","ast-hfb-mobile-header-display":"","site-post-title":"disabled","ast-breadcrumbs-content":"","ast-featured-img":"","footer-sml-layout":"","theme-transparent-header-meta":"","adv-header-id-meta":"","stick-header-meta":"","header-above-stick-meta":"","header-main-stick-meta":"","header-below-stick-meta":"","footnotes":""},"categories":[13],"tags":[],"class_list":["post-939","post","type-post","status-publish","format-standard","hentry","category-douche-securisee"],"yoast_head":"<!-- This site is optimized with the Yoast SEO plugin v27.5 - https:\/\/yoast.com\/product\/yoast-seo-wordpress\/ -->\n<title>Options de logement pour les personnes \u00e2g\u00e9es<\/title>\n<meta name=\"description\" content=\"\u00c0 mesure que la population vieillit, de plus en plus de proches recherchent des options de logement pour les personnes \u00e2g\u00e9es.\" \/>\n<meta name=\"robots\" content=\"index, follow, max-snippet:-1, max-image-preview:large, max-video-preview:-1\" \/>\n<link rel=\"canonical\" href=\"https:\/\/votre-douche-senior.fr\/index.php\/2023\/06\/05\/article-de-blog-5\/\" \/>\n<meta property=\"og:locale\" content=\"fr_FR\" \/>\n<meta property=\"og:type\" content=\"article\" \/>\n<meta property=\"og:title\" content=\"Options de logement pour les personnes \u00e2g\u00e9es\" \/>\n<meta property=\"og:description\" content=\"\u00c0 mesure que la population vieillit, de plus en plus de proches recherchent des options de logement pour les personnes \u00e2g\u00e9es.\" \/>\n<meta property=\"og:url\" content=\"https:\/\/votre-douche-senior.fr\/index.php\/2023\/06\/05\/article-de-blog-5\/\" \/>\n<meta property=\"og:site_name\" content=\"Votre douche s\u00e9nior\" \/>\n<meta property=\"article:published_time\" content=\"2023-06-05T14:10:38+00:00\" \/>\n<meta property=\"article:modified_time\" content=\"2023-06-16T08:20:02+00:00\" \/>\n<meta property=\"og:image\" content=\"http:\/\/votre-douche-senior.fr\/wp-content\/uploads\/2023\/05\/cdc-F98Mv9O6LfI-unsplash-768x512.jpg\" \/>\n<meta name=\"author\" content=\"Lucas Barr\u00e9\" \/>\n<meta name=\"twitter:card\" content=\"summary_large_image\" \/>\n<meta name=\"twitter:label1\" content=\"\u00c9crit par\" \/>\n\t<meta name=\"twitter:data1\" content=\"Lucas Barr\u00e9\" \/>\n\t<meta name=\"twitter:label2\" content=\"Dur\u00e9e de lecture estim\u00e9e\" \/>\n\t<meta name=\"twitter:data2\" content=\"5 minutes\" \/>\n<script type=\"application\/ld+json\" class=\"yoast-schema-graph\">{\"@context\":\"https:\\\/\\\/schema.org\",\"@graph\":[{\"@type\":\"Article\",\"@id\":\"https:\\\/\\\/votre-douche-senior.fr\\\/index.php\\\/2023\\\/06\\\/05\\\/article-de-blog-5\\\/#article\",\"isPartOf\":{\"@id\":\"https:\\\/\\\/votre-douche-senior.fr\\\/index.php\\\/2023\\\/06\\\/05\\\/article-de-blog-5\\\/\"},\"author\":{\"name\":\"Lucas Barr\u00e9\",\"@id\":\"https:\\\/\\\/votre-douche-senior.fr\\\/#\\\/schema\\\/person\\\/4bfa1520735d41b033b7b76bb8a057e1\"},\"headline\":\"Article de blog 5\",\"datePublished\":\"2023-06-05T14:10:38+00:00\",\"dateModified\":\"2023-06-16T08:20:02+00:00\",\"mainEntityOfPage\":{\"@id\":\"https:\\\/\\\/votre-douche-senior.fr\\\/index.php\\\/2023\\\/06\\\/05\\\/article-de-blog-5\\\/\"},\"wordCount\":972,\"publisher\":{\"@id\":\"https:\\\/\\\/votre-douche-senior.fr\\\/#organization\"},\"image\":{\"@id\":\"https:\\\/\\\/votre-douche-senior.fr\\\/index.php\\\/2023\\\/06\\\/05\\\/article-de-blog-5\\\/#primaryimage\"},\"thumbnailUrl\":\"http:\\\/\\\/votre-douche-senior.fr\\\/wp-content\\\/uploads\\\/2023\\\/05\\\/cdc-F98Mv9O6LfI-unsplash-768x512.jpg\",\"articleSection\":[\"Douche s\u00e9curis\u00e9e\"],\"inLanguage\":\"fr-FR\"},{\"@type\":\"WebPage\",\"@id\":\"https:\\\/\\\/votre-douche-senior.fr\\\/index.php\\\/2023\\\/06\\\/05\\\/article-de-blog-5\\\/\",\"url\":\"https:\\\/\\\/votre-douche-senior.fr\\\/index.php\\\/2023\\\/06\\\/05\\\/article-de-blog-5\\\/\",\"name\":\"Options de logement pour les personnes \u00e2g\u00e9es\",\"isPartOf\":{\"@id\":\"https:\\\/\\\/votre-douche-senior.fr\\\/#website\"},\"primaryImageOfPage\":{\"@id\":\"https:\\\/\\\/votre-douche-senior.fr\\\/index.php\\\/2023\\\/06\\\/05\\\/article-de-blog-5\\\/#primaryimage\"},\"image\":{\"@id\":\"https:\\\/\\\/votre-douche-senior.fr\\\/index.php\\\/2023\\\/06\\\/05\\\/article-de-blog-5\\\/#primaryimage\"},\"thumbnailUrl\":\"http:\\\/\\\/votre-douche-senior.fr\\\/wp-content\\\/uploads\\\/2023\\\/05\\\/cdc-F98Mv9O6LfI-unsplash-768x512.jpg\",\"datePublished\":\"2023-06-05T14:10:38+00:00\",\"dateModified\":\"2023-06-16T08:20:02+00:00\",\"description\":\"\u00c0 mesure que la population vieillit, de plus en plus de proches recherchent des options de logement pour les personnes \u00e2g\u00e9es.\",\"breadcrumb\":{\"@id\":\"https:\\\/\\\/votre-douche-senior.fr\\\/index.php\\\/2023\\\/06\\\/05\\\/article-de-blog-5\\\/#breadcrumb\"},\"inLanguage\":\"fr-FR\",\"potentialAction\":[{\"@type\":\"ReadAction\",\"target\":[\"https:\\\/\\\/votre-douche-senior.fr\\\/index.php\\\/2023\\\/06\\\/05\\\/article-de-blog-5\\\/\"]}]},{\"@type\":\"ImageObject\",\"inLanguage\":\"fr-FR\",\"@id\":\"https:\\\/\\\/votre-douche-senior.fr\\\/index.php\\\/2023\\\/06\\\/05\\\/article-de-blog-5\\\/#primaryimage\",\"url\":\"https:\\\/\\\/votre-douche-senior.fr\\\/wp-content\\\/uploads\\\/2023\\\/05\\\/cdc-F98Mv9O6LfI-unsplash-scaled.jpg\",\"contentUrl\":\"https:\\\/\\\/votre-douche-senior.fr\\\/wp-content\\\/uploads\\\/2023\\\/05\\\/cdc-F98Mv9O6LfI-unsplash-scaled.jpg\",\"width\":2560,\"height\":1707},{\"@type\":\"BreadcrumbList\",\"@id\":\"https:\\\/\\\/votre-douche-senior.fr\\\/index.php\\\/2023\\\/06\\\/05\\\/article-de-blog-5\\\/#breadcrumb\",\"itemListElement\":[{\"@type\":\"ListItem\",\"position\":1,\"name\":\"Accueil\",\"item\":\"https:\\\/\\\/votre-douche-senior.fr\\\/\"},{\"@type\":\"ListItem\",\"position\":2,\"name\":\"Article de blog 5\"}]},{\"@type\":\"WebSite\",\"@id\":\"https:\\\/\\\/votre-douche-senior.fr\\\/#website\",\"url\":\"https:\\\/\\\/votre-douche-senior.fr\\\/\",\"name\":\"Votre douche s\u00e9nior\",\"description\":\"Le pro de la salle de bain\",\"publisher\":{\"@id\":\"https:\\\/\\\/votre-douche-senior.fr\\\/#organization\"},\"potentialAction\":[{\"@type\":\"SearchAction\",\"target\":{\"@type\":\"EntryPoint\",\"urlTemplate\":\"https:\\\/\\\/votre-douche-senior.fr\\\/?s={search_term_string}\"},\"query-input\":{\"@type\":\"PropertyValueSpecification\",\"valueRequired\":true,\"valueName\":\"search_term_string\"}}],\"inLanguage\":\"fr-FR\"},{\"@type\":\"Organization\",\"@id\":\"https:\\\/\\\/votre-douche-senior.fr\\\/#organization\",\"name\":\"Votre douche s\u00e9nior\",\"url\":\"https:\\\/\\\/votre-douche-senior.fr\\\/\",\"logo\":{\"@type\":\"ImageObject\",\"inLanguage\":\"fr-FR\",\"@id\":\"https:\\\/\\\/votre-douche-senior.fr\\\/#\\\/schema\\\/logo\\\/image\\\/\",\"url\":\"http:\\\/\\\/votre-douche-senior.fr\\\/wp-content\\\/uploads\\\/2023\\\/05\\\/Capture_d_ecran_2023-05-05_112034-removebg-preview-1.png\",\"contentUrl\":\"http:\\\/\\\/votre-douche-senior.fr\\\/wp-content\\\/uploads\\\/2023\\\/05\\\/Capture_d_ecran_2023-05-05_112034-removebg-preview-1.png\",\"width\":896,\"height\":278,\"caption\":\"Votre douche s\u00e9nior\"},\"image\":{\"@id\":\"https:\\\/\\\/votre-douche-senior.fr\\\/#\\\/schema\\\/logo\\\/image\\\/\"}},{\"@type\":\"Person\",\"@id\":\"https:\\\/\\\/votre-douche-senior.fr\\\/#\\\/schema\\\/person\\\/4bfa1520735d41b033b7b76bb8a057e1\",\"name\":\"Lucas Barr\u00e9\",\"image\":{\"@type\":\"ImageObject\",\"inLanguage\":\"fr-FR\",\"@id\":\"https:\\\/\\\/secure.gravatar.com\\\/avatar\\\/95e7ce79799bfd6af29764cd6a909e9ef48b69f38b6215daa557a3d873a2181c?s=96&d=mm&r=g\",\"url\":\"https:\\\/\\\/secure.gravatar.com\\\/avatar\\\/95e7ce79799bfd6af29764cd6a909e9ef48b69f38b6215daa557a3d873a2181c?s=96&d=mm&r=g\",\"contentUrl\":\"https:\\\/\\\/secure.gravatar.com\\\/avatar\\\/95e7ce79799bfd6af29764cd6a909e9ef48b69f38b6215daa557a3d873a2181c?s=96&d=mm&r=g\",\"caption\":\"Lucas Barr\u00e9\"},\"url\":\"https:\\\/\\\/votre-douche-senior.fr\\\/index.php\\\/author\\\/lucas_44\\\/\"}]}<\/script>\n<!-- \/ Yoast SEO plugin. -->","yoast_head_json":{"title":"Options de logement pour les personnes \u00e2g\u00e9es","description":"\u00c0 mesure que la population vieillit, de plus en plus de proches recherchent des options de logement pour les personnes \u00e2g\u00e9es.","robots":{"index":"index","follow":"follow","max-snippet":"max-snippet:-1","max-image-preview":"max-image-preview:large","max-video-preview":"max-video-preview:-1"},"canonical":"https:\/\/votre-douche-senior.fr\/index.php\/2023\/06\/05\/article-de-blog-5\/","og_locale":"fr_FR","og_type":"article","og_title":"Options de logement pour les personnes \u00e2g\u00e9es","og_description":"\u00c0 mesure que la population vieillit, de plus en plus de proches recherchent des options de logement pour les personnes \u00e2g\u00e9es.","og_url":"https:\/\/votre-douche-senior.fr\/index.php\/2023\/06\/05\/article-de-blog-5\/","og_site_name":"Votre douche s\u00e9nior","article_published_time":"2023-06-05T14:10:38+00:00","article_modified_time":"2023-06-16T08:20:02+00:00","og_image":[{"url":"http:\/\/votre-douche-senior.fr\/wp-content\/uploads\/2023\/05\/cdc-F98Mv9O6LfI-unsplash-768x512.jpg","type":"","width":"","height":""}],"author":"Lucas Barr\u00e9","twitter_card":"summary_large_image","twitter_misc":{"\u00c9crit par":"Lucas Barr\u00e9","Dur\u00e9e de lecture estim\u00e9e":"5 minutes"},"schema":{"@context":"https:\/\/schema.org","@graph":[{"@type":"Article","@id":"https:\/\/votre-douche-senior.fr\/index.php\/2023\/06\/05\/article-de-blog-5\/#article","isPartOf":{"@id":"https:\/\/votre-douche-senior.fr\/index.php\/2023\/06\/05\/article-de-blog-5\/"},"author":{"name":"Lucas Barr\u00e9","@id":"https:\/\/votre-douche-senior.fr\/#\/schema\/person\/4bfa1520735d41b033b7b76bb8a057e1"},"headline":"Article de blog 5","datePublished":"2023-06-05T14:10:38+00:00","dateModified":"2023-06-16T08:20:02+00:00","mainEntityOfPage":{"@id":"https:\/\/votre-douche-senior.fr\/index.php\/2023\/06\/05\/article-de-blog-5\/"},"wordCount":972,"publisher":{"@id":"https:\/\/votre-douche-senior.fr\/#organization"},"image":{"@id":"https:\/\/votre-douche-senior.fr\/index.php\/2023\/06\/05\/article-de-blog-5\/#primaryimage"},"thumbnailUrl":"http:\/\/votre-douche-senior.fr\/wp-content\/uploads\/2023\/05\/cdc-F98Mv9O6LfI-unsplash-768x512.jpg","articleSection":["Douche s\u00e9curis\u00e9e"],"inLanguage":"fr-FR"},{"@type":"WebPage","@id":"https:\/\/votre-douche-senior.fr\/index.php\/2023\/06\/05\/article-de-blog-5\/","url":"https:\/\/votre-douche-senior.fr\/index.php\/2023\/06\/05\/article-de-blog-5\/","name":"Options de logement pour les personnes \u00e2g\u00e9es","isPartOf":{"@id":"https:\/\/votre-douche-senior.fr\/#website"},"primaryImageOfPage":{"@id":"https:\/\/votre-douche-senior.fr\/index.php\/2023\/06\/05\/article-de-blog-5\/#primaryimage"},"image":{"@id":"https:\/\/votre-douche-senior.fr\/index.php\/2023\/06\/05\/article-de-blog-5\/#primaryimage"},"thumbnailUrl":"http:\/\/votre-douche-senior.fr\/wp-content\/uploads\/2023\/05\/cdc-F98Mv9O6LfI-unsplash-768x512.jpg","datePublished":"2023-06-05T14:10:38+00:00","dateModified":"2023-06-16T08:20:02+00:00","description":"\u00c0 mesure que la population vieillit, de plus en plus de proches recherchent des options de logement pour les personnes \u00e2g\u00e9es.","breadcrumb":{"@id":"https:\/\/votre-douche-senior.fr\/index.php\/2023\/06\/05\/article-de-blog-5\/#breadcrumb"},"inLanguage":"fr-FR","potentialAction":[{"@type":"ReadAction","target":["https:\/\/votre-douche-senior.fr\/index.php\/2023\/06\/05\/article-de-blog-5\/"]}]},{"@type":"ImageObject","inLanguage":"fr-FR","@id":"https:\/\/votre-douche-senior.fr\/index.php\/2023\/06\/05\/article-de-blog-5\/#primaryimage","url":"https:\/\/votre-douche-senior.fr\/wp-content\/uploads\/2023\/05\/cdc-F98Mv9O6LfI-unsplash-scaled.jpg","contentUrl":"https:\/\/votre-douche-senior.fr\/wp-content\/uploads\/2023\/05\/cdc-F98Mv9O6LfI-unsplash-scaled.jpg","width":2560,"height":1707},{"@type":"BreadcrumbList","@id":"https:\/\/votre-douche-senior.fr\/index.php\/2023\/06\/05\/article-de-blog-5\/#breadcrumb","itemListElement":[{"@type":"ListItem","position":1,"name":"Accueil","item":"https:\/\/votre-douche-senior.fr\/"},{"@type":"ListItem","position":2,"name":"Article de blog 5"}]},{"@type":"WebSite","@id":"https:\/\/votre-douche-senior.fr\/#website","url":"https:\/\/votre-douche-senior.fr\/","name":"Votre douche s\u00e9nior","description":"Le pro de la salle de bain","publisher":{"@id":"https:\/\/votre-douche-senior.fr\/#organization"},"potentialAction":[{"@type":"SearchAction","target":{"@type":"EntryPoint","urlTemplate":"https:\/\/votre-douche-senior.fr\/?s={search_term_string}"},"query-input":{"@type":"PropertyValueSpecification","valueRequired":true,"valueName":"search_term_string"}}],"inLanguage":"fr-FR"},{"@type":"Organization","@id":"https:\/\/votre-douche-senior.fr\/#organization","name":"Votre douche s\u00e9nior","url":"https:\/\/votre-douche-senior.fr\/","logo":{"@type":"ImageObject","inLanguage":"fr-FR","@id":"https:\/\/votre-douche-senior.fr\/#\/schema\/logo\/image\/","url":"http:\/\/votre-douche-senior.fr\/wp-content\/uploads\/2023\/05\/Capture_d_ecran_2023-05-05_112034-removebg-preview-1.png","contentUrl":"http:\/\/votre-douche-senior.fr\/wp-content\/uploads\/2023\/05\/Capture_d_ecran_2023-05-05_112034-removebg-preview-1.png","width":896,"height":278,"caption":"Votre douche s\u00e9nior"},"image":{"@id":"https:\/\/votre-douche-senior.fr\/#\/schema\/logo\/image\/"}},{"@type":"Person","@id":"https:\/\/votre-douche-senior.fr\/#\/schema\/person\/4bfa1520735d41b033b7b76bb8a057e1","name":"Lucas Barr\u00e9","image":{"@type":"ImageObject","inLanguage":"fr-FR","@id":"https:\/\/secure.gravatar.com\/avatar\/95e7ce79799bfd6af29764cd6a909e9ef48b69f38b6215daa557a3d873a2181c?s=96&d=mm&r=g","url":"https:\/\/secure.gravatar.com\/avatar\/95e7ce79799bfd6af29764cd6a909e9ef48b69f38b6215daa557a3d873a2181c?s=96&d=mm&r=g","contentUrl":"https:\/\/secure.gravatar.com\/avatar\/95e7ce79799bfd6af29764cd6a909e9ef48b69f38b6215daa557a3d873a2181c?s=96&d=mm&r=g","caption":"Lucas Barr\u00e9"},"url":"https:\/\/votre-douche-senior.fr\/index.php\/author\/lucas_44\/"}]}},"_links":{"self":[{"href":"https:\/\/votre-douche-senior.fr\/index.php\/wp-json\/wp\/v2\/posts\/939","targetHints":{"allow":["GET"]}}],"collection":[{"href":"https:\/\/votre-douche-senior.fr\/index.php\/wp-json\/wp\/v2\/posts"}],"about":[{"href":"https:\/\/votre-douche-senior.fr\/index.php\/wp-json\/wp\/v2\/types\/post"}],"author":[{"embeddable":true,"href":"https:\/\/votre-douche-senior.fr\/index.php\/wp-json\/wp\/v2\/users\/2"}],"replies":[{"embeddable":true,"href":"https:\/\/votre-douche-senior.fr\/index.php\/wp-json\/wp\/v2\/comments?post=939"}],"version-history":[{"count":18,"href":"https:\/\/votre-douche-senior.fr\/index.php\/wp-json\/wp\/v2\/posts\/939\/revisions"}],"predecessor-version":[{"id":1063,"href":"https:\/\/votre-douche-senior.fr\/index.php\/wp-json\/wp\/v2\/posts\/939\/revisions\/1063"}],"wp:attachment":[{"href":"https:\/\/votre-douche-senior.fr\/index.php\/wp-json\/wp\/v2\/media?parent=939"}],"wp:term":[{"taxonomy":"category","embeddable":true,"href":"https:\/\/votre-douche-senior.fr\/index.php\/wp-json\/wp\/v2\/categories?post=939"},{"taxonomy":"post_tag","embeddable":true,"href":"https:\/\/votre-douche-senior.fr\/index.php\/wp-json\/wp\/v2\/tags?post=939"}],"curies":[{"name":"wp","href":"https:\/\/api.w.org\/{rel}","templated":true}]}}