{"id":984,"date":"2023-06-12T11:34:00","date_gmt":"2023-06-12T09:34:00","guid":{"rendered":"http:\/\/votre-douche-senior.fr\/?p=984"},"modified":"2023-06-15T12:15:13","modified_gmt":"2023-06-15T10:15:13","slug":"article-de-blog-7","status":"publish","type":"post","link":"https:\/\/votre-douche-senior.fr\/index.php\/2023\/06\/12\/article-de-blog-7\/","title":{"rendered":"Article de blog 7"},"content":{"rendered":"\t\t<div data-elementor-type=\"wp-post\" data-elementor-id=\"984\" class=\"elementor elementor-984\">\n\t\t\t\t\t\t<section class=\"elementor-section elementor-top-section elementor-element elementor-element-2a8884e elementor-section-boxed elementor-section-height-default elementor-section-height-default\" data-id=\"2a8884e\" data-element_type=\"section\" data-e-type=\"section\">\n\t\t\t\t\t\t<div class=\"elementor-container elementor-column-gap-default\">\n\t\t\t\t\t<div class=\"elementor-column elementor-col-100 elementor-top-column elementor-element elementor-element-c445144\" data-id=\"c445144\" data-element_type=\"column\" data-e-type=\"column\">\n\t\t\t<div class=\"elementor-widget-wrap elementor-element-populated\">\n\t\t\t\t\t\t<div class=\"elementor-element elementor-element-2af0f31 elementor-widget elementor-widget-spacer\" data-id=\"2af0f31\" data-element_type=\"widget\" data-e-type=\"widget\" data-widget_type=\"spacer.default\">\n\t\t\t\t<div class=\"elementor-widget-container\">\n\t\t\t\t\t\t\t<div class=\"elementor-spacer\">\n\t\t\t<div class=\"elementor-spacer-inner\"><\/div>\n\t\t<\/div>\n\t\t\t\t\t\t<\/div>\n\t\t\t\t<\/div>\n\t\t\t\t<div class=\"elementor-element elementor-element-ebf0768 elementor-widget elementor-widget-heading\" data-id=\"ebf0768\" data-element_type=\"widget\" data-e-type=\"widget\" data-widget_type=\"heading.default\">\n\t\t\t\t<div class=\"elementor-widget-container\">\n\t\t\t\t\t<h1 class=\"elementor-heading-title elementor-size-default\"><h1 data-elementor-setting-key=\"title\" data-pen-placeholder=\"\u00c9crivez ici...\" style=\"font-size: 50px;font-style: normal;line-height: 60px;text-align: center\">Comment rester actif et en forme pendant vos ann\u00e9es d'or\n<\/h1><\/h1>\t\t\t\t<\/div>\n\t\t\t\t<\/div>\n\t\t\t\t<div class=\"elementor-element elementor-element-2d52eeb elementor-widget__width-initial elementor-widget elementor-widget-text-editor\" data-id=\"2d52eeb\" data-element_type=\"widget\" data-e-type=\"widget\" data-widget_type=\"text-editor.default\">\n\t\t\t\t<div class=\"elementor-widget-container\">\n\t\t\t\t\t\t\t\t\t<p><span style=\"font-weight: 400;\">Alors que nous entrons dans l&rsquo;\u00e2ge d&rsquo;or, il est essentiel de donner la priorit\u00e9 \u00e0 notre sant\u00e9 et \u00e0 notre bien-\u00eatre. Rester actif et en forme devient encore plus crucial pendant cette phase de la vie, car cela peut aider \u00e0 maintenir la force physique, \u00e0 am\u00e9liorer le bien-\u00eatre mental et \u00e0 am\u00e9liorer la qualit\u00e9 de vie globale. Dans cet article, nous explorerons quelques conseils et strat\u00e9gies pratiques pour aider les personnes \u00e2g\u00e9es \u00e0 rester actives et en forme tout au long de leur \u00e2ge d&rsquo;or.<\/span><\/p>\t\t\t\t\t\t\t\t<\/div>\n\t\t\t\t<\/div>\n\t\t\t\t<div class=\"elementor-element elementor-element-490f321 elementor-widget elementor-widget-spacer\" data-id=\"490f321\" data-element_type=\"widget\" data-e-type=\"widget\" data-widget_type=\"spacer.default\">\n\t\t\t\t<div class=\"elementor-widget-container\">\n\t\t\t\t\t\t\t<div class=\"elementor-spacer\">\n\t\t\t<div class=\"elementor-spacer-inner\"><\/div>\n\t\t<\/div>\n\t\t\t\t\t\t<\/div>\n\t\t\t\t<\/div>\n\t\t\t\t<div class=\"elementor-element elementor-element-2e36cbb elementor-widget elementor-widget-heading\" data-id=\"2e36cbb\" data-element_type=\"widget\" data-e-type=\"widget\" data-widget_type=\"heading.default\">\n\t\t\t\t<div class=\"elementor-widget-container\">\n\t\t\t\t\t<h2 class=\"elementor-heading-title elementor-size-default\"><h2 data-elementor-setting-key=\"title\" data-pen-placeholder=\"\u00c9crivez ici...\" style=\"font-size: 40px;font-style: normal\">Consultez votre fournisseur de soins de sant\u00e9\n<\/h2><\/h2>\t\t\t\t<\/div>\n\t\t\t\t<\/div>\n\t\t\t\t<div class=\"elementor-element elementor-element-9ad900a elementor-widget elementor-widget-text-editor\" data-id=\"9ad900a\" data-element_type=\"widget\" data-e-type=\"widget\" data-widget_type=\"text-editor.default\">\n\t\t\t\t<div class=\"elementor-widget-container\">\n\t\t\t\t\t\t\t\t\t<p><span style=\"font-weight: 400;\">Avant de commencer tout programme d&rsquo;exercice, il est crucial de consulter votre fournisseur de soins de sant\u00e9. Ils peuvent \u00e9valuer votre \u00e9tat de sant\u00e9 actuel, fournir des recommandations personnalis\u00e9es et identifier les limites ou les pr\u00e9cautions que vous devez prendre. Votre fournisseur de soins de sant\u00e9 vous aidera \u00e0 fixer des objectifs r\u00e9alistes en fonction de votre situation personnelle et vous guidera vers des activit\u00e9s appropri\u00e9es.<\/span><\/p>\t\t\t\t\t\t\t\t<\/div>\n\t\t\t\t<\/div>\n\t\t\t\t<div class=\"elementor-element elementor-element-2bccdd3 elementor-widget elementor-widget-spacer\" data-id=\"2bccdd3\" data-element_type=\"widget\" data-e-type=\"widget\" data-widget_type=\"spacer.default\">\n\t\t\t\t<div class=\"elementor-widget-container\">\n\t\t\t\t\t\t\t<div class=\"elementor-spacer\">\n\t\t\t<div class=\"elementor-spacer-inner\"><\/div>\n\t\t<\/div>\n\t\t\t\t\t\t<\/div>\n\t\t\t\t<\/div>\n\t\t\t\t<div class=\"elementor-element elementor-element-f62559a elementor-widget elementor-widget-image\" data-id=\"f62559a\" data-element_type=\"widget\" data-e-type=\"widget\" data-widget_type=\"image.default\">\n\t\t\t\t<div class=\"elementor-widget-container\">\n\t\t\t\t\t\t\t\t\t\t\t\t<figure class=\"wp-caption\">\n\t\t\t\t\t\t\t\t\t\t\t<a href=\"\">\n\t\t\t\t\t\t\t<img fetchpriority=\"high\" decoding=\"async\" width=\"768\" height=\"512\" src=\"https:\/\/votre-douche-senior.fr\/wp-content\/uploads\/2023\/06\/tatiana-zanon-MMhazsT2wtM-unsplash-768x512.jpg\" class=\"attachment-medium_large size-medium_large wp-image-987\" alt=\"\" srcset=\"https:\/\/votre-douche-senior.fr\/wp-content\/uploads\/2023\/06\/tatiana-zanon-MMhazsT2wtM-unsplash-768x512.jpg 768w, https:\/\/votre-douche-senior.fr\/wp-content\/uploads\/2023\/06\/tatiana-zanon-MMhazsT2wtM-unsplash-300x200.jpg 300w, https:\/\/votre-douche-senior.fr\/wp-content\/uploads\/2023\/06\/tatiana-zanon-MMhazsT2wtM-unsplash-1024x683.jpg 1024w, https:\/\/votre-douche-senior.fr\/wp-content\/uploads\/2023\/06\/tatiana-zanon-MMhazsT2wtM-unsplash-1536x1024.jpg 1536w, https:\/\/votre-douche-senior.fr\/wp-content\/uploads\/2023\/06\/tatiana-zanon-MMhazsT2wtM-unsplash-2048x1365.jpg 2048w\" sizes=\"(max-width: 768px) 100vw, 768px\" \/>\t\t\t\t\t\t\t\t<\/a>\n\t\t\t\t\t\t\t\t\t\t\t<figcaption class=\"widget-image-caption wp-caption-text\">Photo de <a href=\"https:\/\/unsplash.com\/ko\/@tatizanon?utm_source=unsplash&amp;utm_medium=referral&amp;utm_content=creditCopyText\">Tatiana Zanon<\/a> sur <a href=\"https:\/\/unsplash.com\/fr\/s\/photos\/old-person?utm_source=unsplash&amp;utm_medium=referral&amp;utm_content=creditCopyText\">Unsplash<\/a>   <\/figcaption>\n\t\t\t\t\t\t\t\t\t\t<\/figure>\n\t\t\t\t\t\t\t\t\t<\/div>\n\t\t\t\t<\/div>\n\t\t\t\t<div class=\"elementor-element elementor-element-7105f7d elementor-widget elementor-widget-spacer\" data-id=\"7105f7d\" data-element_type=\"widget\" data-e-type=\"widget\" data-widget_type=\"spacer.default\">\n\t\t\t\t<div class=\"elementor-widget-container\">\n\t\t\t\t\t\t\t<div class=\"elementor-spacer\">\n\t\t\t<div class=\"elementor-spacer-inner\"><\/div>\n\t\t<\/div>\n\t\t\t\t\t\t<\/div>\n\t\t\t\t<\/div>\n\t\t\t\t<div class=\"elementor-element elementor-element-f34c9e2 elementor-widget elementor-widget-heading\" data-id=\"f34c9e2\" data-element_type=\"widget\" data-e-type=\"widget\" data-widget_type=\"heading.default\">\n\t\t\t\t<div class=\"elementor-widget-container\">\n\t\t\t\t\t<h2 class=\"elementor-heading-title elementor-size-default\"><h2 data-elementor-setting-key=\"title\" data-pen-placeholder=\"\u00c9crivez ici...\" style=\"font-size: 40px;font-style: normal\">Pratiquer des exercices a\u00e9robiques r\u00e9guliers\n<\/h2><\/h2>\t\t\t\t<\/div>\n\t\t\t\t<\/div>\n\t\t\t\t<div class=\"elementor-element elementor-element-d6b4b5a elementor-widget elementor-widget-text-editor\" data-id=\"d6b4b5a\" data-element_type=\"widget\" data-e-type=\"widget\" data-widget_type=\"text-editor.default\">\n\t\t\t\t<div class=\"elementor-widget-container\">\n\t\t\t\t\t\t\t\t\t<p><span style=\"font-weight: 400;\">L&rsquo;exercice a\u00e9robique est essentiel pour maintenir la sant\u00e9 cardiovasculaire, augmenter l&rsquo;endurance et g\u00e9rer le poids. S&rsquo;engager dans des activit\u00e9s telles que la marche, la natation, le v\u00e9lo ou l&rsquo;a\u00e9robic \u00e0 faible impact peut offrir de nombreux avantages. Visez au moins 150 minutes d&rsquo;exercice a\u00e9robique d&rsquo;intensit\u00e9 mod\u00e9r\u00e9e par semaine, ou 75 minutes d&rsquo;exercice d&rsquo;intensit\u00e9 vigoureuse si votre \u00e9tat de sant\u00e9 le permet. Commencez lentement et augmentez progressivement la dur\u00e9e et l&rsquo;intensit\u00e9 au fil du temps.<\/span><\/p>\t\t\t\t\t\t\t\t<\/div>\n\t\t\t\t<\/div>\n\t\t\t\t<div class=\"elementor-element elementor-element-08efd12 elementor-widget elementor-widget-spacer\" data-id=\"08efd12\" data-element_type=\"widget\" data-e-type=\"widget\" data-widget_type=\"spacer.default\">\n\t\t\t\t<div class=\"elementor-widget-container\">\n\t\t\t\t\t\t\t<div class=\"elementor-spacer\">\n\t\t\t<div class=\"elementor-spacer-inner\"><\/div>\n\t\t<\/div>\n\t\t\t\t\t\t<\/div>\n\t\t\t\t<\/div>\n\t\t\t\t<div class=\"elementor-element elementor-element-f309edd elementor-widget elementor-widget-heading\" data-id=\"f309edd\" data-element_type=\"widget\" data-e-type=\"widget\" data-widget_type=\"heading.default\">\n\t\t\t\t<div class=\"elementor-widget-container\">\n\t\t\t\t\t<h2 class=\"elementor-heading-title elementor-size-default\"><h2 data-elementor-setting-key=\"title\" data-pen-placeholder=\"\u00c9crivez ici...\" style=\"font-size: 40px;font-style: normal\">Incorporer des exercices de musculation\n\n<\/h2><\/h2>\t\t\t\t<\/div>\n\t\t\t\t<\/div>\n\t\t\t\t<div class=\"elementor-element elementor-element-9024fde elementor-widget elementor-widget-text-editor\" data-id=\"9024fde\" data-element_type=\"widget\" data-e-type=\"widget\" data-widget_type=\"text-editor.default\">\n\t\t\t\t<div class=\"elementor-widget-container\">\n\t\t\t\t\t\t\t\t\t<p><span style=\"font-weight: 400;\"><a href=\"https:\/\/conseilsport.decathlon.fr\/faire-du-sport-a-la-maison-apres-70-ans\">Les exercices de musculation<\/a> sont essentiels pour maintenir la masse musculaire, la densit\u00e9 osseuse et la sant\u00e9 des articulations. S&rsquo;engager dans des activit\u00e9s qui ciblent les principaux groupes musculaires, comme soulever des poids, utiliser des bandes de r\u00e9sistance ou pratiquer des exercices de poids corporel, peut \u00eatre tr\u00e8s b\u00e9n\u00e9fique. Visez deux jours ou plus de musculation par semaine, en vous concentrant sur tous les principaux groupes musculaires. Commencez avec des poids l\u00e9gers ou de la r\u00e9sistance et augmentez progressivement au fur et \u00e0 mesure que vous gagnez en force et en confiance.<\/span><\/p>\t\t\t\t\t\t\t\t<\/div>\n\t\t\t\t<\/div>\n\t\t\t\t<div class=\"elementor-element elementor-element-3f7c85f elementor-widget elementor-widget-spacer\" data-id=\"3f7c85f\" data-element_type=\"widget\" data-e-type=\"widget\" data-widget_type=\"spacer.default\">\n\t\t\t\t<div class=\"elementor-widget-container\">\n\t\t\t\t\t\t\t<div class=\"elementor-spacer\">\n\t\t\t<div class=\"elementor-spacer-inner\"><\/div>\n\t\t<\/div>\n\t\t\t\t\t\t<\/div>\n\t\t\t\t<\/div>\n\t\t\t\t<div class=\"elementor-element elementor-element-fc0acf5 elementor-widget elementor-widget-heading\" data-id=\"fc0acf5\" data-element_type=\"widget\" data-e-type=\"widget\" data-widget_type=\"heading.default\">\n\t\t\t\t<div class=\"elementor-widget-container\">\n\t\t\t\t\t<h2 class=\"elementor-heading-title elementor-size-default\"><h2 data-elementor-setting-key=\"title\" data-pen-placeholder=\"\u00c9crivez ici...\" style=\"font-size: 40px;font-style: normal\">Restez socialement engag\u00e9\n\n<\/h2><\/h2>\t\t\t\t<\/div>\n\t\t\t\t<\/div>\n\t\t\t\t<div class=\"elementor-element elementor-element-38d35f2 elementor-widget elementor-widget-text-editor\" data-id=\"38d35f2\" data-element_type=\"widget\" data-e-type=\"widget\" data-widget_type=\"text-editor.default\">\n\t\t\t\t<div class=\"elementor-widget-container\">\n\t\t\t\t\t\t\t\t\t<p><span style=\"font-weight: 400;\">Rester actif et en forme n&rsquo;implique pas seulement de l&rsquo;exercice physique ; cela inclut \u00e9galement de rester socialement engag\u00e9. Participer \u00e0 des activit\u00e9s de groupe, rejoindre des clubs ou des organisations ou faire du b\u00e9n\u00e9volat peut offrir des opportunit\u00e9s d&rsquo;interaction sociale tout en vous stimulant mentalement et \u00e9motionnellement. <a href=\"https:\/\/votre-douche-senior.fr\/index.php\/2023\/06\/01\/article-de-blog-3\/\">L&rsquo;engagement social<\/a> peut contribuer au bien-\u00eatre g\u00e9n\u00e9ral, r\u00e9duire le risque d&rsquo;isolement et favoriser un sentiment d&rsquo;appartenance.<\/span><\/p>\t\t\t\t\t\t\t\t<\/div>\n\t\t\t\t<\/div>\n\t\t\t\t<div class=\"elementor-element elementor-element-02c271b elementor-align-center elementor-widget elementor-widget-button\" data-id=\"02c271b\" data-element_type=\"widget\" data-e-type=\"widget\" data-widget_type=\"button.default\">\n\t\t\t\t<div class=\"elementor-widget-container\">\n\t\t\t\t\t\t\t\t\t<div class=\"elementor-button-wrapper\">\n\t\t\t\t\t<a class=\"elementor-button elementor-button-link elementor-size-sm\" href=\"\">\n\t\t\t\t\t\t<span class=\"elementor-button-content-wrapper\">\n\t\t\t\t\t\t\t\t\t<span class=\"elementor-button-text\">Obtenir un devis<\/span>\n\t\t\t\t\t<\/span>\n\t\t\t\t\t<\/a>\n\t\t\t\t<\/div>\n\t\t\t\t\t\t\t\t<\/div>\n\t\t\t\t<\/div>\n\t\t\t\t<div class=\"elementor-element elementor-element-1f62c9f elementor-widget elementor-widget-spacer\" data-id=\"1f62c9f\" data-element_type=\"widget\" data-e-type=\"widget\" data-widget_type=\"spacer.default\">\n\t\t\t\t<div class=\"elementor-widget-container\">\n\t\t\t\t\t\t\t<div class=\"elementor-spacer\">\n\t\t\t<div class=\"elementor-spacer-inner\"><\/div>\n\t\t<\/div>\n\t\t\t\t\t\t<\/div>\n\t\t\t\t<\/div>\n\t\t\t\t<div class=\"elementor-element elementor-element-2e60ec8 elementor-widget elementor-widget-heading\" data-id=\"2e60ec8\" data-element_type=\"widget\" data-e-type=\"widget\" data-widget_type=\"heading.default\">\n\t\t\t\t<div class=\"elementor-widget-container\">\n\t\t\t\t\t<h2 class=\"elementor-heading-title elementor-size-default\"><h2 data-elementor-setting-key=\"title\" data-pen-placeholder=\"\u00c9crivez ici...\" style=\"font-size: 40px;font-style: normal\">Faites du mouvement une partie de votre routine quotidienne\n<\/h2><\/h2>\t\t\t\t<\/div>\n\t\t\t\t<\/div>\n\t\t\t\t<div class=\"elementor-element elementor-element-64a67e8 elementor-widget elementor-widget-text-editor\" data-id=\"64a67e8\" data-element_type=\"widget\" data-e-type=\"widget\" data-widget_type=\"text-editor.default\">\n\t\t\t\t<div class=\"elementor-widget-container\">\n\t\t\t\t\t\t\t\t\t<p><span style=\"font-weight: 400;\">Int\u00e9grez le mouvement \u00e0 votre routine quotidienne pour rester actif de mani\u00e8re constante. Faites de courtes promenades r\u00e9guli\u00e8res, utilisez les escaliers au lieu des ascenseurs dans la mesure du possible et effectuez des t\u00e2ches m\u00e9nag\u00e8res qui n\u00e9cessitent un effort physique. Cherchez des occasions de bouger tout au long de la journ\u00e9e, par exemple en vous garant plus loin de l&rsquo;entr\u00e9e ou en faisant des pauses pendant de longues p\u00e9riodes assises.<\/span><\/p>\t\t\t\t\t\t\t\t<\/div>\n\t\t\t\t<\/div>\n\t\t\t\t<div class=\"elementor-element elementor-element-c9dd72e elementor-widget elementor-widget-spacer\" data-id=\"c9dd72e\" data-element_type=\"widget\" data-e-type=\"widget\" data-widget_type=\"spacer.default\">\n\t\t\t\t<div class=\"elementor-widget-container\">\n\t\t\t\t\t\t\t<div class=\"elementor-spacer\">\n\t\t\t<div class=\"elementor-spacer-inner\"><\/div>\n\t\t<\/div>\n\t\t\t\t\t\t<\/div>\n\t\t\t\t<\/div>\n\t\t\t\t<div class=\"elementor-element elementor-element-2f8b059 elementor-widget elementor-widget-heading\" data-id=\"2f8b059\" data-element_type=\"widget\" data-e-type=\"widget\" data-widget_type=\"heading.default\">\n\t\t\t\t<div class=\"elementor-widget-container\">\n\t\t\t\t\t<h2 class=\"elementor-heading-title elementor-size-default\"><h2 data-elementor-setting-key=\"title\" data-pen-placeholder=\"\u00c9crivez ici...\" style=\"font-size: 40px;font-style: normal\">Restez hydrat\u00e9 et maintenez une alimentation saine\n<\/h2>\t\t\t\t<\/div>\n\t\t\t\t<\/div>\n\t\t\t\t<div class=\"elementor-element elementor-element-3734a6c elementor-widget elementor-widget-text-editor\" data-id=\"3734a6c\" data-element_type=\"widget\" data-e-type=\"widget\" data-widget_type=\"text-editor.default\">\n\t\t\t\t<div class=\"elementor-widget-container\">\n\t\t\t\t\t\t\t\t\t<p><span style=\"font-weight: 400;\">Une bonne hydratation et une alimentation \u00e9quilibr\u00e9e sont des \u00e9l\u00e9ments essentiels pour rester actif et en forme. Buvez beaucoup d&rsquo;eau tout au long de la journ\u00e9e pour rester hydrat\u00e9, surtout pendant l&rsquo;exercice. Visez une alimentation riche en fruits, l\u00e9gumes, grains entiers, prot\u00e9ines maigres et graisses saines. Ces aliments riches en nutriments fournissent le carburant et les nutriments n\u00e9cessaires pour soutenir votre mode de vie actif. \u00c9vitez la consommation excessive d&rsquo;aliments transform\u00e9s, de collations sucr\u00e9es et de boissons riches en sucres ajout\u00e9s, car ils peuvent avoir un impact n\u00e9gatif sur votre sant\u00e9 et votre niveau d&rsquo;\u00e9nergie.<\/span><\/p>\t\t\t\t\t\t\t\t<\/div>\n\t\t\t\t<\/div>\n\t\t\t\t<div class=\"elementor-element elementor-element-5023795 elementor-widget elementor-widget-spacer\" data-id=\"5023795\" data-element_type=\"widget\" data-e-type=\"widget\" data-widget_type=\"spacer.default\">\n\t\t\t\t<div class=\"elementor-widget-container\">\n\t\t\t\t\t\t\t<div class=\"elementor-spacer\">\n\t\t\t<div class=\"elementor-spacer-inner\"><\/div>\n\t\t<\/div>\n\t\t\t\t\t\t<\/div>\n\t\t\t\t<\/div>\n\t\t\t\t<div class=\"elementor-element elementor-element-dc66319 elementor-widget elementor-widget-heading\" data-id=\"dc66319\" data-element_type=\"widget\" data-e-type=\"widget\" data-widget_type=\"heading.default\">\n\t\t\t\t<div class=\"elementor-widget-container\">\n\t\t\t\t\t<h2 class=\"elementor-heading-title elementor-size-default\"><h2 data-elementor-setting-key=\"title\" data-pen-placeholder=\"\u00c9crivez ici...\" style=\"font-size: 40px;font-style: normal\">Conclusion <\/h2><\/h2>\t\t\t\t<\/div>\n\t\t\t\t<\/div>\n\t\t\t\t<div class=\"elementor-element elementor-element-2f9ddd7 elementor-widget elementor-widget-text-editor\" data-id=\"2f9ddd7\" data-element_type=\"widget\" data-e-type=\"widget\" data-widget_type=\"text-editor.default\">\n\t\t\t\t<div class=\"elementor-widget-container\">\n\t\t\t\t\t\t\t\t\t<p><span style=\"font-weight: 400;\">Rester actif et en forme pendant votre \u00e2ge d&rsquo;or est un investissement dans votre sant\u00e9, votre bien-\u00eatre et votre qualit\u00e9 de vie en g\u00e9n\u00e9ral. En incorporant des exercices r\u00e9guliers, en trouvant des activit\u00e9s que vous aimez, en restant engag\u00e9 socialement et en donnant la priorit\u00e9 au repos et \u00e0 la r\u00e9cup\u00e9ration, vous pouvez maintenir votre force physique, am\u00e9liorer votre bien-\u00eatre mental et am\u00e9liorer votre vitalit\u00e9 globale. N&rsquo;oubliez pas de consulter votre fournisseur de soins de sant\u00e9, de vous fixer des objectifs r\u00e9alistes et d&rsquo;\u00e9couter votre corps en cours de route. Embrassez le voyage de rester actif et profitez des nombreux avantages qu&rsquo;il apporte \u00e0 vos ann\u00e9es dor\u00e9es.<\/span><\/p>\t\t\t\t\t\t\t\t<\/div>\n\t\t\t\t<\/div>\n\t\t\t\t\t<\/div>\n\t\t<\/div>\n\t\t\t\t\t<\/div>\n\t\t<\/section>\n\t\t\t\t<\/div>\n\t\t","protected":false},"excerpt":{"rendered":"<p>Comment rester actif et en forme pendant vos ann\u00e9es d&rsquo;or Alors que nous entrons dans l&rsquo;\u00e2ge d&rsquo;or, il est essentiel de donner la priorit\u00e9 \u00e0 notre sant\u00e9 et \u00e0 notre bien-\u00eatre. Rester actif et en forme devient encore plus crucial pendant cette phase de la vie, car cela peut aider \u00e0 maintenir la force physique, &hellip;<\/p>\n<p class=\"read-more\"> <a class=\"\" href=\"https:\/\/votre-douche-senior.fr\/index.php\/2023\/06\/12\/article-de-blog-7\/\"> <span class=\"screen-reader-text\">Article de blog 7<\/span> Lire la suite\u00a0\u00bb<\/a><\/p>\n","protected":false},"author":2,"featured_media":0,"comment_status":"closed","ping_status":"open","sticky":false,"template":"","format":"standard","meta":{"_eb_attr":"","site-sidebar-layout":"default","site-content-layout":"default","ast-global-header-display":"","ast-main-header-display":"","ast-hfb-above-header-display":"","ast-hfb-below-header-display":"","ast-hfb-mobile-header-display":"","site-post-title":"disabled","ast-breadcrumbs-content":"","ast-featured-img":"","footer-sml-layout":"","theme-transparent-header-meta":"","adv-header-id-meta":"","stick-header-meta":"","header-above-stick-meta":"","header-main-stick-meta":"","header-below-stick-meta":"","footnotes":""},"categories":[13],"tags":[],"class_list":["post-984","post","type-post","status-publish","format-standard","hentry","category-douche-securisee"],"yoast_head":"<!-- This site is optimized with the Yoast SEO plugin v27.5 - https:\/\/yoast.com\/product\/yoast-seo-wordpress\/ -->\n<title>Options de logement pour les personnes \u00e2g\u00e9es<\/title>\n<meta name=\"description\" content=\"\u00c0 mesure que la population vieillit, de plus en plus de proches recherchent des options de logement pour les personnes \u00e2g\u00e9es.\" \/>\n<meta name=\"robots\" content=\"index, follow, max-snippet:-1, max-image-preview:large, max-video-preview:-1\" \/>\n<link rel=\"canonical\" href=\"https:\/\/votre-douche-senior.fr\/index.php\/2023\/06\/12\/article-de-blog-7\/\" \/>\n<meta property=\"og:locale\" content=\"fr_FR\" \/>\n<meta property=\"og:type\" content=\"article\" \/>\n<meta property=\"og:title\" content=\"Options de logement pour les personnes \u00e2g\u00e9es\" \/>\n<meta property=\"og:description\" content=\"\u00c0 mesure que la population vieillit, de plus en plus de proches recherchent des options de logement pour les personnes \u00e2g\u00e9es.\" \/>\n<meta property=\"og:url\" content=\"https:\/\/votre-douche-senior.fr\/index.php\/2023\/06\/12\/article-de-blog-7\/\" \/>\n<meta property=\"og:site_name\" content=\"Votre douche s\u00e9nior\" \/>\n<meta property=\"article:published_time\" content=\"2023-06-12T09:34:00+00:00\" \/>\n<meta property=\"article:modified_time\" content=\"2023-06-15T10:15:13+00:00\" \/>\n<meta property=\"og:image\" content=\"http:\/\/votre-douche-senior.fr\/wp-content\/uploads\/2023\/06\/tatiana-zanon-MMhazsT2wtM-unsplash-768x512.jpg\" \/>\n<meta name=\"author\" content=\"Lucas Barr\u00e9\" \/>\n<meta name=\"twitter:card\" content=\"summary_large_image\" \/>\n<meta name=\"twitter:label1\" content=\"\u00c9crit par\" \/>\n\t<meta name=\"twitter:data1\" content=\"Lucas Barr\u00e9\" \/>\n\t<meta name=\"twitter:label2\" content=\"Dur\u00e9e de lecture estim\u00e9e\" \/>\n\t<meta name=\"twitter:data2\" content=\"4 minutes\" \/>\n<script type=\"application\/ld+json\" class=\"yoast-schema-graph\">{\"@context\":\"https:\\\/\\\/schema.org\",\"@graph\":[{\"@type\":\"Article\",\"@id\":\"https:\\\/\\\/votre-douche-senior.fr\\\/index.php\\\/2023\\\/06\\\/12\\\/article-de-blog-7\\\/#article\",\"isPartOf\":{\"@id\":\"https:\\\/\\\/votre-douche-senior.fr\\\/index.php\\\/2023\\\/06\\\/12\\\/article-de-blog-7\\\/\"},\"author\":{\"name\":\"Lucas Barr\u00e9\",\"@id\":\"https:\\\/\\\/votre-douche-senior.fr\\\/#\\\/schema\\\/person\\\/4bfa1520735d41b033b7b76bb8a057e1\"},\"headline\":\"Article de blog 7\",\"datePublished\":\"2023-06-12T09:34:00+00:00\",\"dateModified\":\"2023-06-15T10:15:13+00:00\",\"mainEntityOfPage\":{\"@id\":\"https:\\\/\\\/votre-douche-senior.fr\\\/index.php\\\/2023\\\/06\\\/12\\\/article-de-blog-7\\\/\"},\"wordCount\":772,\"publisher\":{\"@id\":\"https:\\\/\\\/votre-douche-senior.fr\\\/#organization\"},\"image\":{\"@id\":\"https:\\\/\\\/votre-douche-senior.fr\\\/index.php\\\/2023\\\/06\\\/12\\\/article-de-blog-7\\\/#primaryimage\"},\"thumbnailUrl\":\"http:\\\/\\\/votre-douche-senior.fr\\\/wp-content\\\/uploads\\\/2023\\\/06\\\/tatiana-zanon-MMhazsT2wtM-unsplash-768x512.jpg\",\"articleSection\":[\"Douche s\u00e9curis\u00e9e\"],\"inLanguage\":\"fr-FR\"},{\"@type\":\"WebPage\",\"@id\":\"https:\\\/\\\/votre-douche-senior.fr\\\/index.php\\\/2023\\\/06\\\/12\\\/article-de-blog-7\\\/\",\"url\":\"https:\\\/\\\/votre-douche-senior.fr\\\/index.php\\\/2023\\\/06\\\/12\\\/article-de-blog-7\\\/\",\"name\":\"Options de logement pour les personnes \u00e2g\u00e9es\",\"isPartOf\":{\"@id\":\"https:\\\/\\\/votre-douche-senior.fr\\\/#website\"},\"primaryImageOfPage\":{\"@id\":\"https:\\\/\\\/votre-douche-senior.fr\\\/index.php\\\/2023\\\/06\\\/12\\\/article-de-blog-7\\\/#primaryimage\"},\"image\":{\"@id\":\"https:\\\/\\\/votre-douche-senior.fr\\\/index.php\\\/2023\\\/06\\\/12\\\/article-de-blog-7\\\/#primaryimage\"},\"thumbnailUrl\":\"http:\\\/\\\/votre-douche-senior.fr\\\/wp-content\\\/uploads\\\/2023\\\/06\\\/tatiana-zanon-MMhazsT2wtM-unsplash-768x512.jpg\",\"datePublished\":\"2023-06-12T09:34:00+00:00\",\"dateModified\":\"2023-06-15T10:15:13+00:00\",\"description\":\"\u00c0 mesure que la population vieillit, de plus en plus de proches recherchent des options de logement pour les personnes \u00e2g\u00e9es.\",\"breadcrumb\":{\"@id\":\"https:\\\/\\\/votre-douche-senior.fr\\\/index.php\\\/2023\\\/06\\\/12\\\/article-de-blog-7\\\/#breadcrumb\"},\"inLanguage\":\"fr-FR\",\"potentialAction\":[{\"@type\":\"ReadAction\",\"target\":[\"https:\\\/\\\/votre-douche-senior.fr\\\/index.php\\\/2023\\\/06\\\/12\\\/article-de-blog-7\\\/\"]}]},{\"@type\":\"ImageObject\",\"inLanguage\":\"fr-FR\",\"@id\":\"https:\\\/\\\/votre-douche-senior.fr\\\/index.php\\\/2023\\\/06\\\/12\\\/article-de-blog-7\\\/#primaryimage\",\"url\":\"https:\\\/\\\/votre-douche-senior.fr\\\/wp-content\\\/uploads\\\/2023\\\/06\\\/tatiana-zanon-MMhazsT2wtM-unsplash-scaled.jpg\",\"contentUrl\":\"https:\\\/\\\/votre-douche-senior.fr\\\/wp-content\\\/uploads\\\/2023\\\/06\\\/tatiana-zanon-MMhazsT2wtM-unsplash-scaled.jpg\",\"width\":2560,\"height\":1707},{\"@type\":\"BreadcrumbList\",\"@id\":\"https:\\\/\\\/votre-douche-senior.fr\\\/index.php\\\/2023\\\/06\\\/12\\\/article-de-blog-7\\\/#breadcrumb\",\"itemListElement\":[{\"@type\":\"ListItem\",\"position\":1,\"name\":\"Accueil\",\"item\":\"https:\\\/\\\/votre-douche-senior.fr\\\/\"},{\"@type\":\"ListItem\",\"position\":2,\"name\":\"Article de blog 7\"}]},{\"@type\":\"WebSite\",\"@id\":\"https:\\\/\\\/votre-douche-senior.fr\\\/#website\",\"url\":\"https:\\\/\\\/votre-douche-senior.fr\\\/\",\"name\":\"Votre douche s\u00e9nior\",\"description\":\"Le pro de la salle de bain\",\"publisher\":{\"@id\":\"https:\\\/\\\/votre-douche-senior.fr\\\/#organization\"},\"potentialAction\":[{\"@type\":\"SearchAction\",\"target\":{\"@type\":\"EntryPoint\",\"urlTemplate\":\"https:\\\/\\\/votre-douche-senior.fr\\\/?s={search_term_string}\"},\"query-input\":{\"@type\":\"PropertyValueSpecification\",\"valueRequired\":true,\"valueName\":\"search_term_string\"}}],\"inLanguage\":\"fr-FR\"},{\"@type\":\"Organization\",\"@id\":\"https:\\\/\\\/votre-douche-senior.fr\\\/#organization\",\"name\":\"Votre douche s\u00e9nior\",\"url\":\"https:\\\/\\\/votre-douche-senior.fr\\\/\",\"logo\":{\"@type\":\"ImageObject\",\"inLanguage\":\"fr-FR\",\"@id\":\"https:\\\/\\\/votre-douche-senior.fr\\\/#\\\/schema\\\/logo\\\/image\\\/\",\"url\":\"http:\\\/\\\/votre-douche-senior.fr\\\/wp-content\\\/uploads\\\/2023\\\/05\\\/Capture_d_ecran_2023-05-05_112034-removebg-preview-1.png\",\"contentUrl\":\"http:\\\/\\\/votre-douche-senior.fr\\\/wp-content\\\/uploads\\\/2023\\\/05\\\/Capture_d_ecran_2023-05-05_112034-removebg-preview-1.png\",\"width\":896,\"height\":278,\"caption\":\"Votre douche s\u00e9nior\"},\"image\":{\"@id\":\"https:\\\/\\\/votre-douche-senior.fr\\\/#\\\/schema\\\/logo\\\/image\\\/\"}},{\"@type\":\"Person\",\"@id\":\"https:\\\/\\\/votre-douche-senior.fr\\\/#\\\/schema\\\/person\\\/4bfa1520735d41b033b7b76bb8a057e1\",\"name\":\"Lucas Barr\u00e9\",\"image\":{\"@type\":\"ImageObject\",\"inLanguage\":\"fr-FR\",\"@id\":\"https:\\\/\\\/secure.gravatar.com\\\/avatar\\\/95e7ce79799bfd6af29764cd6a909e9ef48b69f38b6215daa557a3d873a2181c?s=96&d=mm&r=g\",\"url\":\"https:\\\/\\\/secure.gravatar.com\\\/avatar\\\/95e7ce79799bfd6af29764cd6a909e9ef48b69f38b6215daa557a3d873a2181c?s=96&d=mm&r=g\",\"contentUrl\":\"https:\\\/\\\/secure.gravatar.com\\\/avatar\\\/95e7ce79799bfd6af29764cd6a909e9ef48b69f38b6215daa557a3d873a2181c?s=96&d=mm&r=g\",\"caption\":\"Lucas Barr\u00e9\"},\"url\":\"https:\\\/\\\/votre-douche-senior.fr\\\/index.php\\\/author\\\/lucas_44\\\/\"}]}<\/script>\n<!-- \/ Yoast SEO plugin. -->","yoast_head_json":{"title":"Options de logement pour les personnes \u00e2g\u00e9es","description":"\u00c0 mesure que la population vieillit, de plus en plus de proches recherchent des options de logement pour les personnes \u00e2g\u00e9es.","robots":{"index":"index","follow":"follow","max-snippet":"max-snippet:-1","max-image-preview":"max-image-preview:large","max-video-preview":"max-video-preview:-1"},"canonical":"https:\/\/votre-douche-senior.fr\/index.php\/2023\/06\/12\/article-de-blog-7\/","og_locale":"fr_FR","og_type":"article","og_title":"Options de logement pour les personnes \u00e2g\u00e9es","og_description":"\u00c0 mesure que la population vieillit, de plus en plus de proches recherchent des options de logement pour les personnes \u00e2g\u00e9es.","og_url":"https:\/\/votre-douche-senior.fr\/index.php\/2023\/06\/12\/article-de-blog-7\/","og_site_name":"Votre douche s\u00e9nior","article_published_time":"2023-06-12T09:34:00+00:00","article_modified_time":"2023-06-15T10:15:13+00:00","og_image":[{"url":"http:\/\/votre-douche-senior.fr\/wp-content\/uploads\/2023\/06\/tatiana-zanon-MMhazsT2wtM-unsplash-768x512.jpg","type":"","width":"","height":""}],"author":"Lucas Barr\u00e9","twitter_card":"summary_large_image","twitter_misc":{"\u00c9crit par":"Lucas Barr\u00e9","Dur\u00e9e de lecture estim\u00e9e":"4 minutes"},"schema":{"@context":"https:\/\/schema.org","@graph":[{"@type":"Article","@id":"https:\/\/votre-douche-senior.fr\/index.php\/2023\/06\/12\/article-de-blog-7\/#article","isPartOf":{"@id":"https:\/\/votre-douche-senior.fr\/index.php\/2023\/06\/12\/article-de-blog-7\/"},"author":{"name":"Lucas Barr\u00e9","@id":"https:\/\/votre-douche-senior.fr\/#\/schema\/person\/4bfa1520735d41b033b7b76bb8a057e1"},"headline":"Article de blog 7","datePublished":"2023-06-12T09:34:00+00:00","dateModified":"2023-06-15T10:15:13+00:00","mainEntityOfPage":{"@id":"https:\/\/votre-douche-senior.fr\/index.php\/2023\/06\/12\/article-de-blog-7\/"},"wordCount":772,"publisher":{"@id":"https:\/\/votre-douche-senior.fr\/#organization"},"image":{"@id":"https:\/\/votre-douche-senior.fr\/index.php\/2023\/06\/12\/article-de-blog-7\/#primaryimage"},"thumbnailUrl":"http:\/\/votre-douche-senior.fr\/wp-content\/uploads\/2023\/06\/tatiana-zanon-MMhazsT2wtM-unsplash-768x512.jpg","articleSection":["Douche s\u00e9curis\u00e9e"],"inLanguage":"fr-FR"},{"@type":"WebPage","@id":"https:\/\/votre-douche-senior.fr\/index.php\/2023\/06\/12\/article-de-blog-7\/","url":"https:\/\/votre-douche-senior.fr\/index.php\/2023\/06\/12\/article-de-blog-7\/","name":"Options de logement pour les personnes \u00e2g\u00e9es","isPartOf":{"@id":"https:\/\/votre-douche-senior.fr\/#website"},"primaryImageOfPage":{"@id":"https:\/\/votre-douche-senior.fr\/index.php\/2023\/06\/12\/article-de-blog-7\/#primaryimage"},"image":{"@id":"https:\/\/votre-douche-senior.fr\/index.php\/2023\/06\/12\/article-de-blog-7\/#primaryimage"},"thumbnailUrl":"http:\/\/votre-douche-senior.fr\/wp-content\/uploads\/2023\/06\/tatiana-zanon-MMhazsT2wtM-unsplash-768x512.jpg","datePublished":"2023-06-12T09:34:00+00:00","dateModified":"2023-06-15T10:15:13+00:00","description":"\u00c0 mesure que la population vieillit, de plus en plus de proches recherchent des options de logement pour les personnes \u00e2g\u00e9es.","breadcrumb":{"@id":"https:\/\/votre-douche-senior.fr\/index.php\/2023\/06\/12\/article-de-blog-7\/#breadcrumb"},"inLanguage":"fr-FR","potentialAction":[{"@type":"ReadAction","target":["https:\/\/votre-douche-senior.fr\/index.php\/2023\/06\/12\/article-de-blog-7\/"]}]},{"@type":"ImageObject","inLanguage":"fr-FR","@id":"https:\/\/votre-douche-senior.fr\/index.php\/2023\/06\/12\/article-de-blog-7\/#primaryimage","url":"https:\/\/votre-douche-senior.fr\/wp-content\/uploads\/2023\/06\/tatiana-zanon-MMhazsT2wtM-unsplash-scaled.jpg","contentUrl":"https:\/\/votre-douche-senior.fr\/wp-content\/uploads\/2023\/06\/tatiana-zanon-MMhazsT2wtM-unsplash-scaled.jpg","width":2560,"height":1707},{"@type":"BreadcrumbList","@id":"https:\/\/votre-douche-senior.fr\/index.php\/2023\/06\/12\/article-de-blog-7\/#breadcrumb","itemListElement":[{"@type":"ListItem","position":1,"name":"Accueil","item":"https:\/\/votre-douche-senior.fr\/"},{"@type":"ListItem","position":2,"name":"Article de blog 7"}]},{"@type":"WebSite","@id":"https:\/\/votre-douche-senior.fr\/#website","url":"https:\/\/votre-douche-senior.fr\/","name":"Votre douche s\u00e9nior","description":"Le pro de la salle de bain","publisher":{"@id":"https:\/\/votre-douche-senior.fr\/#organization"},"potentialAction":[{"@type":"SearchAction","target":{"@type":"EntryPoint","urlTemplate":"https:\/\/votre-douche-senior.fr\/?s={search_term_string}"},"query-input":{"@type":"PropertyValueSpecification","valueRequired":true,"valueName":"search_term_string"}}],"inLanguage":"fr-FR"},{"@type":"Organization","@id":"https:\/\/votre-douche-senior.fr\/#organization","name":"Votre douche s\u00e9nior","url":"https:\/\/votre-douche-senior.fr\/","logo":{"@type":"ImageObject","inLanguage":"fr-FR","@id":"https:\/\/votre-douche-senior.fr\/#\/schema\/logo\/image\/","url":"http:\/\/votre-douche-senior.fr\/wp-content\/uploads\/2023\/05\/Capture_d_ecran_2023-05-05_112034-removebg-preview-1.png","contentUrl":"http:\/\/votre-douche-senior.fr\/wp-content\/uploads\/2023\/05\/Capture_d_ecran_2023-05-05_112034-removebg-preview-1.png","width":896,"height":278,"caption":"Votre douche s\u00e9nior"},"image":{"@id":"https:\/\/votre-douche-senior.fr\/#\/schema\/logo\/image\/"}},{"@type":"Person","@id":"https:\/\/votre-douche-senior.fr\/#\/schema\/person\/4bfa1520735d41b033b7b76bb8a057e1","name":"Lucas Barr\u00e9","image":{"@type":"ImageObject","inLanguage":"fr-FR","@id":"https:\/\/secure.gravatar.com\/avatar\/95e7ce79799bfd6af29764cd6a909e9ef48b69f38b6215daa557a3d873a2181c?s=96&d=mm&r=g","url":"https:\/\/secure.gravatar.com\/avatar\/95e7ce79799bfd6af29764cd6a909e9ef48b69f38b6215daa557a3d873a2181c?s=96&d=mm&r=g","contentUrl":"https:\/\/secure.gravatar.com\/avatar\/95e7ce79799bfd6af29764cd6a909e9ef48b69f38b6215daa557a3d873a2181c?s=96&d=mm&r=g","caption":"Lucas Barr\u00e9"},"url":"https:\/\/votre-douche-senior.fr\/index.php\/author\/lucas_44\/"}]}},"_links":{"self":[{"href":"https:\/\/votre-douche-senior.fr\/index.php\/wp-json\/wp\/v2\/posts\/984","targetHints":{"allow":["GET"]}}],"collection":[{"href":"https:\/\/votre-douche-senior.fr\/index.php\/wp-json\/wp\/v2\/posts"}],"about":[{"href":"https:\/\/votre-douche-senior.fr\/index.php\/wp-json\/wp\/v2\/types\/post"}],"author":[{"embeddable":true,"href":"https:\/\/votre-douche-senior.fr\/index.php\/wp-json\/wp\/v2\/users\/2"}],"replies":[{"embeddable":true,"href":"https:\/\/votre-douche-senior.fr\/index.php\/wp-json\/wp\/v2\/comments?post=984"}],"version-history":[{"count":11,"href":"https:\/\/votre-douche-senior.fr\/index.php\/wp-json\/wp\/v2\/posts\/984\/revisions"}],"predecessor-version":[{"id":1024,"href":"https:\/\/votre-douche-senior.fr\/index.php\/wp-json\/wp\/v2\/posts\/984\/revisions\/1024"}],"wp:attachment":[{"href":"https:\/\/votre-douche-senior.fr\/index.php\/wp-json\/wp\/v2\/media?parent=984"}],"wp:term":[{"taxonomy":"category","embeddable":true,"href":"https:\/\/votre-douche-senior.fr\/index.php\/wp-json\/wp\/v2\/categories?post=984"},{"taxonomy":"post_tag","embeddable":true,"href":"https:\/\/votre-douche-senior.fr\/index.php\/wp-json\/wp\/v2\/tags?post=984"}],"curies":[{"name":"wp","href":"https:\/\/api.w.org\/{rel}","templated":true}]}}